{"id":921,"date":"2017-03-04T16:19:34","date_gmt":"2017-03-04T14:19:34","guid":{"rendered":"http:\/\/filologiya.gdu.edu.az\/?p=921"},"modified":"2017-03-04T17:13:06","modified_gmt":"2017-03-04T15:13:06","slug":"gular%c9%99-m%c9%99likovanin-aciq-d%c9%99rsi","status":"publish","type":"post","link":"http:\/\/filologiya.gdu.edu.az\/?p=921","title":{"rendered":"G\u00dcLAR\u018f M\u018fL\u0130KOVANIN A\u00c7IQ D\u018fRS\u0130"},"content":{"rendered":"<p>[metaslider id=925]3 mart 2017-ci il\u00a0tarixind\u0259 Az\u0259rbaycan dili kafedras\u0131n\u0131n dosenti G\u00fclar\u0259 M\u0259likovan\u0131n \u00a0fak\u00fclt\u0259nin Az\u0259rbaycan dili v\u0259 \u0259d\u0259biyyat\u0131 m\u00fc\u0259llimliyi ixtisas\u0131n\u0131n I kursunda\u00a0\u0259ski Az\u0259rbaycan yaz\u0131s\u0131 f\u0259nnind\u0259n &#8220;yard\u0131m\u00e7\u0131 i\u015far\u0259l\u0259r, saitl\u0259ri v\u0259 samitl\u0259ri ifad\u0259 ed\u0259n h\u0259r\u0259k\u0259l\u0259r&#8221; m\u00f6vzusunda a\u00e7\u0131q d\u0259rsi ke\u00e7irilmi\u015fdir. D\u0259rsd\u0259 \u00a0fak\u00fclt\u0259nin a\u00e7\u0131q d\u0259rsl\u0259rini dinl\u0259m\u0259k \u00fc\u00e7\u00fcn t\u0259hkim olunmu\u015f dosent \u00dczeyir \u018ff\u0259ndiyev \u00a0v\u0259 Az\u0259rbaycan dili kafedras\u0131n\u0131n \u00a0\u0259m\u0259kda\u015flar\u0131 i\u015ftirak etdil\u0259r<\/p>\n","protected":false},"excerpt":{"rendered":"<p>[metaslider id=925]3 mart 2017-ci il\u00a0tarixind\u0259 Az\u0259rbaycan dili kafedras\u0131n\u0131n dosenti G\u00fclar\u0259 M\u0259likovan\u0131n \u00a0fak\u00fclt\u0259nin Az\u0259rbaycan dili v\u0259 \u0259d\u0259biyyat\u0131 m\u00fc\u0259llimliyi ixtisas\u0131n\u0131n I kursunda\u00a0\u0259ski Az\u0259rbaycan yaz\u0131s\u0131 f\u0259nnind\u0259n &#8220;yard\u0131m\u00e7\u0131 i\u015far\u0259l\u0259r, saitl\u0259ri v\u0259 samitl\u0259ri ifad\u0259 ed\u0259n h\u0259r\u0259k\u0259l\u0259r&#8221; m\u00f6vzusunda a\u00e7\u0131q d\u0259rsi ke\u00e7irilmi\u015fdir. D\u0259rsd\u0259 \u00a0fak\u00fclt\u0259nin a\u00e7\u0131q d\u0259rsl\u0259rini dinl\u0259m\u0259k \u00fc\u00e7\u00fcn t\u0259hkim olunmu\u015f dosent \u00dczeyir \u018ff\u0259ndiyev \u00a0v\u0259 Az\u0259rbaycan dili kafedras\u0131n\u0131n \u00a0\u0259m\u0259kda\u015flar\u0131 i\u015ftirak etdil\u0259r<\/p>\n","protected":false},"author":5,"featured_media":0,"comment_status":"open","ping_status":"open","sticky":false,"template":"","format":"standard","meta":{"footnotes":""},"categories":[3],"tags":[],"class_list":["post-921","post","type-post","status-publish","format-standard","hentry","category-xbrlr"],"_links":{"self":[{"href":"http:\/\/filologiya.gdu.edu.az\/index.php?rest_route=\/wp\/v2\/posts\/921","targetHints":{"allow":["GET"]}}],"collection":[{"href":"http:\/\/filologiya.gdu.edu.az\/index.php?rest_route=\/wp\/v2\/posts"}],"about":[{"href":"http:\/\/filologiya.gdu.edu.az\/index.php?rest_route=\/wp\/v2\/types\/post"}],"author":[{"embeddable":true,"href":"http:\/\/filologiya.gdu.edu.az\/index.php?rest_route=\/wp\/v2\/users\/5"}],"replies":[{"embeddable":true,"href":"http:\/\/filologiya.gdu.edu.az\/index.php?rest_route=%2Fwp%2Fv2%2Fcomments&post=921"}],"version-history":[{"count":9,"href":"http:\/\/filologiya.gdu.edu.az\/index.php?rest_route=\/wp\/v2\/posts\/921\/revisions"}],"predecessor-version":[{"id":939,"href":"http:\/\/filologiya.gdu.edu.az\/index.php?rest_route=\/wp\/v2\/posts\/921\/revisions\/939"}],"wp:attachment":[{"href":"http:\/\/filologiya.gdu.edu.az\/index.php?rest_route=%2Fwp%2Fv2%2Fmedia&parent=921"}],"wp:term":[{"taxonomy":"category","embeddable":true,"href":"http:\/\/filologiya.gdu.edu.az\/index.php?rest_route=%2Fwp%2Fv2%2Fcategories&post=921"},{"taxonomy":"post_tag","embeddable":true,"href":"http:\/\/filologiya.gdu.edu.az\/index.php?rest_route=%2Fwp%2Fv2%2Ftags&post=921"}],"curies":[{"name":"wp","href":"https:\/\/api.w.org\/{rel}","templated":true}]}}