{"id":850,"date":"2017-02-21T18:37:54","date_gmt":"2017-02-21T16:37:54","guid":{"rendered":"http:\/\/filologiya.gdu.edu.az\/?p=850"},"modified":"2017-02-22T19:26:29","modified_gmt":"2017-02-22T17:26:29","slug":"xocali-soyqirimi-il%c9%99-bagli-t%c9%99dbir-kecirilib","status":"publish","type":"post","link":"http:\/\/filologiya.gdu.edu.az\/?p=850","title":{"rendered":"Xocal\u0131 soyq\u0131r\u0131m\u0131 il\u0259 ba\u011fl\u0131 t\u0259dbir ke\u00e7irilib"},"content":{"rendered":"<p>[metaslider id=862]21 fevral 2017 ci \u00a0il tarixind\u0259 G\u0259nc\u0259 D\u00f6vl\u0259t Universitetinin Filologiya fak\u00fclt\u0259sind\u0259 Xocal\u0131 soyq\u0131r\u0131m\u0131na h\u0259sr olunmu\u015f t\u0259dbir ke\u00e7irilib. \u00d6nc\u0259 Xocal\u0131 qurbanlar\u0131n\u0131n \u0259ziz xatir\u0259si bir d\u0259qiq\u0259lik s\u00fckutla yad edilib.<br \/>\nHumanitar m\u0259s\u0259l\u0259l\u0259r \u00fczr\u0259 prorektor G\u00fcls\u00fcm F\u0259t\u0259liyeva, fak\u00fclt\u0259nin dekan\u0131, professor M\u00fcbariz Yusifov, Az\u0259rbaycan dili kafedras\u0131n\u0131n ba\u015f m\u00fc\u0259llimi Nadir Kubi\u015fev Xocal\u0131 soyq\u0131r\u0131m\u0131 haqq\u0131nda geni\u015f m\u0259lumat veribl\u0259r.<br \/>\nSonra fak\u00fclt\u0259nin t\u0259l\u0259b\u0259l\u0259rinin \u00e7\u0131x\u0131\u015flar\u0131 v\u0259 \u015feirl\u0259ri dinl\u0259nilib, onlar\u0131n Xocal\u0131 soyq\u0131r\u0131m\u0131 il\u0259 ba\u011fl\u0131 haz\u0131rlad\u0131qlar\u0131 video\u00e7arx izl\u0259nilib.<br \/>\nProrektor G\u00fcls\u00fcm F\u0259t\u0259liyeva \u00e7\u0131x\u0131\u015f\u0131nda vur\u011fulay\u0131b ki, g\u0259nc n\u0259sil erm\u0259ni vandalizminin bu qanl\u0131 faci\u0259sini he\u00e7 vaxt unutmamal\u0131,tarixin qanl\u0131 hadis\u0259l\u0259ri, erm\u0259nil\u0259rin m\u0259krli siyas\u0259ti n\u0259tic\u0259sind\u0259 ba\u015f vermi\u015f d\u0259h\u015f\u0259tli terror aktlar\u0131 haqq\u0131nda m\u0259lumatlar\u0131 sosial \u015f\u0259b\u0259k\u0259l\u0259rd\u0259 geni\u015f t\u0259bli\u011f etm\u0259li, \u0259sl h\u0259qiq\u0259tl\u0259ri, reall\u0131qlar\u0131 d\u00fcnya ictimaiyy\u0259tin\u0259 \u00e7atd\u0131rmal\u0131d\u0131rlar.<\/p>\n","protected":false},"excerpt":{"rendered":"<p>[metaslider id=862]21 fevral 2017 ci \u00a0il tarixind\u0259 G\u0259nc\u0259 D\u00f6vl\u0259t Universitetinin Filologiya fak\u00fclt\u0259sind\u0259 Xocal\u0131 soyq\u0131r\u0131m\u0131na h\u0259sr olunmu\u015f t\u0259dbir ke\u00e7irilib. \u00d6nc\u0259 Xocal\u0131 qurbanlar\u0131n\u0131n \u0259ziz xatir\u0259si bir d\u0259qiq\u0259lik s\u00fckutla yad edilib. Humanitar m\u0259s\u0259l\u0259l\u0259r \u00fczr\u0259 prorektor G\u00fcls\u00fcm F\u0259t\u0259liyeva, fak\u00fclt\u0259nin dekan\u0131, professor M\u00fcbariz Yusifov, Az\u0259rbaycan dili kafedras\u0131n\u0131n ba\u015f m\u00fc\u0259llimi Nadir Kubi\u015fev Xocal\u0131 soyq\u0131r\u0131m\u0131 haqq\u0131nda geni\u015f m\u0259lumat veribl\u0259r. Sonra fak\u00fclt\u0259nin t\u0259l\u0259b\u0259l\u0259rinin<\/p>\n<p><a href=\"http:\/\/filologiya.gdu.edu.az\/?p=850\" class=\"more-link themebutton\">Daha \u0259trafl\u0131<\/a><\/p>\n","protected":false},"author":5,"featured_media":0,"comment_status":"open","ping_status":"open","sticky":false,"template":"","format":"standard","meta":{"footnotes":""},"categories":[3],"tags":[],"class_list":["post-850","post","type-post","status-publish","format-standard","hentry","category-xbrlr"],"_links":{"self":[{"href":"http:\/\/filologiya.gdu.edu.az\/index.php?rest_route=\/wp\/v2\/posts\/850","targetHints":{"allow":["GET"]}}],"collection":[{"href":"http:\/\/filologiya.gdu.edu.az\/index.php?rest_route=\/wp\/v2\/posts"}],"about":[{"href":"http:\/\/filologiya.gdu.edu.az\/index.php?rest_route=\/wp\/v2\/types\/post"}],"author":[{"embeddable":true,"href":"http:\/\/filologiya.gdu.edu.az\/index.php?rest_route=\/wp\/v2\/users\/5"}],"replies":[{"embeddable":true,"href":"http:\/\/filologiya.gdu.edu.az\/index.php?rest_route=%2Fwp%2Fv2%2Fcomments&post=850"}],"version-history":[{"count":2,"href":"http:\/\/filologiya.gdu.edu.az\/index.php?rest_route=\/wp\/v2\/posts\/850\/revisions"}],"predecessor-version":[{"id":864,"href":"http:\/\/filologiya.gdu.edu.az\/index.php?rest_route=\/wp\/v2\/posts\/850\/revisions\/864"}],"wp:attachment":[{"href":"http:\/\/filologiya.gdu.edu.az\/index.php?rest_route=%2Fwp%2Fv2%2Fmedia&parent=850"}],"wp:term":[{"taxonomy":"category","embeddable":true,"href":"http:\/\/filologiya.gdu.edu.az\/index.php?rest_route=%2Fwp%2Fv2%2Fcategories&post=850"},{"taxonomy":"post_tag","embeddable":true,"href":"http:\/\/filologiya.gdu.edu.az\/index.php?rest_route=%2Fwp%2Fv2%2Ftags&post=850"}],"curies":[{"name":"wp","href":"https:\/\/api.w.org\/{rel}","templated":true}]}}