{"id":8430,"date":"2025-01-19T11:06:25","date_gmt":"2025-01-19T09:06:25","guid":{"rendered":"http:\/\/filologiya.gdu.edu.az\/?p=8430"},"modified":"2025-01-19T11:32:07","modified_gmt":"2025-01-19T09:32:07","slug":"20-yanvar-unudulmaz-qan-yaddasimizdir","status":"publish","type":"post","link":"http:\/\/filologiya.gdu.edu.az\/?p=8430","title":{"rendered":"20 YANVAR UNUDULMAZ QAN YADDA\u015eIMIZDIR"},"content":{"rendered":"\n<figure class=\"wp-block-image size-large\"><img loading=\"lazy\" decoding=\"async\" width=\"960\" height=\"929\" src=\"http:\/\/filologiya.gdu.edu.az\/wp-content\/uploads\/2025\/01\/9bc6fa8a-07ac-4047-b715-766b55a1d78f.jpg\" alt=\"\" class=\"wp-image-8431\" srcset=\"http:\/\/filologiya.gdu.edu.az\/wp-content\/uploads\/2025\/01\/9bc6fa8a-07ac-4047-b715-766b55a1d78f.jpg 960w, http:\/\/filologiya.gdu.edu.az\/wp-content\/uploads\/2025\/01\/9bc6fa8a-07ac-4047-b715-766b55a1d78f-768x743.jpg 768w\" sizes=\"auto, (max-width: 960px) 100vw, 960px\" \/><\/figure>\n\n\n\n<p>Az\u0259rbaycan xalq\u0131n\u0131n tarixin\u0259 Qanl\u0131 Yanvar faci\u0259si kimi daxil olmu\u015f 1990-c\u0131 il 20 Yanvar hadis\u0259l\u0259rind\u0259n art\u0131q 35 il ke\u00e7ir. H\u0259min g\u00fcn Az\u0259rbaycan xalq\u0131na qar\u015f\u0131 h\u0259yata ke\u00e7iril\u0259n  h\u0259rbi t\u0259cav\u00fcz insanl\u0131\u011fa qar\u015f\u0131 t\u00f6r\u0259dilmi\u015f \u0259n a\u011f\u0131r cinay\u0259tl\u0259rd\u0259n biri kimi tarixd\u0259 qalacaq.<\/p>\n\n\n\n<p>20 Yanvardan ke\u00e7\u0259n yol \u00f6l\u00fcms\u00fczl\u00fcy\u0259, \u0259yilm\u0259zliy\u0259, azadl\u0131q v\u0259 m\u00fcst\u0259qilliy\u0259 aparan yol idi&#8230; Bu yolun yol\u00e7ular\u0131\u00a0 t\u0259kc\u0259\u00a0 Qara Yanvarda \u00f6l\u00fcm\u00fcn v\u0259 imperiya c\u0259lladlar\u0131n\u0131n g\u00f6zl\u0259rin\u0259 dik baxanlar deyil, b\u00fct\u00f6vl\u00fckd\u0259 xalq\u0131m\u0131z idi&#8230;<\/p>\n\n\n\n<p>O gec\u0259 \u015f\u0259hidlik zirv\u0259sin\u0259 bir yol a\u00e7\u0131ld\u0131. Kimimiz o gec\u0259, kimimiz is\u0259 sonralar Qaraba\u011fda,\nV\u0259t\u0259nimizin dig\u0259r gu\u015f\u0259l\u0259rind\u0259, onun azadl\u0131\u011f\u0131, torpaqlar\u0131n\u0131n m\u00fcdafi\u0259si u\u011frunda\n\u015f\u0259hid oldu..<\/p>\n\n\n\n<p>Bak\u0131n\u0131n \u0259n m\u00f6h\u00adt\u0259\u00ad\u015f\u0259m m\u0259kan\u0131nda V\u0259t\u0259n u\u011frunda can\u00adla\u00adr\u0131n\u0131\nqurban vermi\u015f m\u0259rd, igid o\u011ful v\u0259 q\u0131zla\u00adr\u0131m\u0131z\u0131n uyudu\u011fu \u015e\u0259hidl\u0259r Xiya\u00adba\u00adn\u0131&nbsp;\nxalq\u0131m\u0131z \u00fc\u00e7\u00fcn m\u00fcq\u0259dd\u0259s bir and yerin\u0259, milli irad\u0259mizin \u015fanl\u0131-\u015f\u0259r\u0259fli bir\nsalnam\u0259sin\u0259 \u00e7evrilib. \u015e\u0259hidl\u0259rimiz v\u0259 \u015e\u0259hidl\u0259r Xiyaban\u0131 azadl\u0131\u011f\u0131m\u0131z\u0131n, m\u00fcs\u00adt\u0259\u00adqil\u00adliyimizin,\nmilli irad\u0259mizin simvolu kimi bundan sonrak\u0131 n\u0259sill\u0259r\u0259 d\u0259 bir q\u00fcrur m\u0259nb\u0259yi\nolacaqd\u0131r.<\/p>\n\n\n\n<p>Bu il xalq\u0131m\u0131z 20 Yanvar hadis\u0259l\u0259\u00adrinin 35-ci ild\u00f6n\u00fcm\u00fcn\u00fc b\u00f6y\u00fck Q\u0259l\u0259b\u0259mizin\u00a0 sevinci, q\u00fcruru il\u0259 qeyd edir. Art\u0131q \u015e\u0259hidl\u0259r Xiyaban\u0131nda uyuyan 20 Yanvar qurbanlar\u0131n\u0131n, el\u0259c\u0259 d\u0259 1-ci Qaraba\u011f sava\u015f\u0131nda h\u0259lak olan y\u00fczl\u0259rl\u0259 q\u0259hr\u0259man o\u011fullar\u0131m\u0131z\u0131n qan\u0131 yerd\u0259 qalmad\u0131, onlar\u0131n qisas\u0131 \u00a0d\u00fc\u015fm\u0259nd\u0259n al\u0131nd\u0131. Art\u0131q \u015f\u0259hidl\u0259rimizin ruhu \u015fadd\u0131r, canlar\u0131ndan ke\u00e7dikl\u0259ri V\u0259t\u0259n torpaqlar\u0131 d\u00fc\u015fm\u0259n tapda\u011f\u0131ndan azad olunub, Ali ba\u015f komandan \u0130lham \u018fliyevin siyasi irad\u0259si, \u015fanl\u0131 Ordumuzun, \u0259sg\u0259rl\u0259rimizin \u015f\u00fcca\u0259ti say\u0259sind\u0259 Az\u0259rbycan\u0131n b\u00fct\u00f6vl\u00fcy\u00fc b\u0259rpa olunub, Qaraba\u011f\u0131m\u0131zda, el\u0259c\u0259 d\u0259 dig\u0259r i\u015f\u011faldan azad edilmi\u015f torpaqlar\u0131m\u0131zda \u00fc\u00e7r\u0259ngli bayra\u011f\u0131m\u0131z dal\u011falan\u0131r. <\/p>\n\n\n\n<p>Bu g\u00fcnl\u0259ri biz\u0259 b\u0259x\u015f ed\u0259n, milli q\u00fcrurumuzu biz\u0259 qaytaran \u00a0v\u0259 \u00f6zl\u0259ri aram\u0131zda olmayan \u015f\u0259hidl\u0259rimizin ruhu qar\u015f\u0131s\u0131nda ba\u015f \u0259yirik. <\/p>\n","protected":false},"excerpt":{"rendered":"<p>Az\u0259rbaycan xalq\u0131n\u0131n tarixin\u0259 Qanl\u0131 Yanvar faci\u0259si kimi daxil olmu\u015f 1990-c\u0131 il 20 Yanvar hadis\u0259l\u0259rind\u0259n art\u0131q 35 il ke\u00e7ir. H\u0259min g\u00fcn Az\u0259rbaycan xalq\u0131na qar\u015f\u0131 h\u0259yata ke\u00e7iril\u0259n h\u0259rbi t\u0259cav\u00fcz insanl\u0131\u011fa qar\u015f\u0131 t\u00f6r\u0259dilmi\u015f \u0259n a\u011f\u0131r cinay\u0259tl\u0259rd\u0259n biri kimi tarixd\u0259 qalacaq. 20 Yanvardan ke\u00e7\u0259n yol \u00f6l\u00fcms\u00fczl\u00fcy\u0259, \u0259yilm\u0259zliy\u0259, azadl\u0131q v\u0259 m\u00fcst\u0259qilliy\u0259 aparan yol idi&#8230; Bu yolun yol\u00e7ular\u0131\u00a0 t\u0259kc\u0259\u00a0 Qara Yanvarda<\/p>\n<p><a href=\"http:\/\/filologiya.gdu.edu.az\/?p=8430\" class=\"more-link themebutton\">Daha \u0259trafl\u0131<\/a><\/p>\n","protected":false},"author":6,"featured_media":8431,"comment_status":"closed","ping_status":"open","sticky":false,"template":"","format":"standard","meta":{"footnotes":""},"categories":[3],"tags":[],"class_list":["post-8430","post","type-post","status-publish","format-standard","has-post-thumbnail","hentry","category-xbrlr"],"_links":{"self":[{"href":"http:\/\/filologiya.gdu.edu.az\/index.php?rest_route=\/wp\/v2\/posts\/8430","targetHints":{"allow":["GET"]}}],"collection":[{"href":"http:\/\/filologiya.gdu.edu.az\/index.php?rest_route=\/wp\/v2\/posts"}],"about":[{"href":"http:\/\/filologiya.gdu.edu.az\/index.php?rest_route=\/wp\/v2\/types\/post"}],"author":[{"embeddable":true,"href":"http:\/\/filologiya.gdu.edu.az\/index.php?rest_route=\/wp\/v2\/users\/6"}],"replies":[{"embeddable":true,"href":"http:\/\/filologiya.gdu.edu.az\/index.php?rest_route=%2Fwp%2Fv2%2Fcomments&post=8430"}],"version-history":[{"count":2,"href":"http:\/\/filologiya.gdu.edu.az\/index.php?rest_route=\/wp\/v2\/posts\/8430\/revisions"}],"predecessor-version":[{"id":8441,"href":"http:\/\/filologiya.gdu.edu.az\/index.php?rest_route=\/wp\/v2\/posts\/8430\/revisions\/8441"}],"wp:featuredmedia":[{"embeddable":true,"href":"http:\/\/filologiya.gdu.edu.az\/index.php?rest_route=\/wp\/v2\/media\/8431"}],"wp:attachment":[{"href":"http:\/\/filologiya.gdu.edu.az\/index.php?rest_route=%2Fwp%2Fv2%2Fmedia&parent=8430"}],"wp:term":[{"taxonomy":"category","embeddable":true,"href":"http:\/\/filologiya.gdu.edu.az\/index.php?rest_route=%2Fwp%2Fv2%2Fcategories&post=8430"},{"taxonomy":"post_tag","embeddable":true,"href":"http:\/\/filologiya.gdu.edu.az\/index.php?rest_route=%2Fwp%2Fv2%2Ftags&post=8430"}],"curies":[{"name":"wp","href":"https:\/\/api.w.org\/{rel}","templated":true}]}}