{"id":8009,"date":"2024-11-08T19:46:00","date_gmt":"2024-11-08T17:46:00","guid":{"rendered":"http:\/\/filologiya.gdu.edu.az\/?p=8009"},"modified":"2024-11-09T21:16:42","modified_gmt":"2024-11-09T19:16:42","slug":"z%c9%99f%c9%99rin-mubar%c9%99k-can-az%c9%99rbaycan","status":"publish","type":"post","link":"http:\/\/filologiya.gdu.edu.az\/?p=8009","title":{"rendered":"Z\u0259f\u0259rin m\u00fcbar\u0259k, can Az\u0259rbaycan!"},"content":{"rendered":"\n<figure class=\"wp-block-gallery columns-3 is-cropped wp-block-gallery-1 is-layout-flex wp-block-gallery-is-layout-flex\"><ul class=\"blocks-gallery-grid\"><li class=\"blocks-gallery-item\"><figure><img loading=\"lazy\" decoding=\"async\" width=\"1043\" height=\"814\" src=\"https:\/\/filologiya.gdu.edu.az\/wp-content\/uploads\/2024\/11\/Screenshot_20241109_071936_WhatsApp.jpg\" alt=\"\" data-id=\"8012\" data-link=\"https:\/\/filologiya.gdu.edu.az\/?attachment_id=8012#main\" class=\"wp-image-8012\" srcset=\"http:\/\/filologiya.gdu.edu.az\/wp-content\/uploads\/2024\/11\/Screenshot_20241109_071936_WhatsApp.jpg 1043w, http:\/\/filologiya.gdu.edu.az\/wp-content\/uploads\/2024\/11\/Screenshot_20241109_071936_WhatsApp-768x599.jpg 768w\" sizes=\"auto, (max-width: 1043px) 100vw, 1043px\" \/><\/figure><\/li><li class=\"blocks-gallery-item\"><figure><img loading=\"lazy\" decoding=\"async\" width=\"960\" height=\"1280\" src=\"https:\/\/filologiya.gdu.edu.az\/wp-content\/uploads\/2024\/11\/IMG-20241108-WA0032.jpg\" alt=\"\" data-id=\"8016\" data-full-url=\"https:\/\/filologiya.gdu.edu.az\/wp-content\/uploads\/2024\/11\/IMG-20241108-WA0032.jpg\" data-link=\"https:\/\/filologiya.gdu.edu.az\/?attachment_id=8016#main\" class=\"wp-image-8016\" srcset=\"http:\/\/filologiya.gdu.edu.az\/wp-content\/uploads\/2024\/11\/IMG-20241108-WA0032.jpg 960w, http:\/\/filologiya.gdu.edu.az\/wp-content\/uploads\/2024\/11\/IMG-20241108-WA0032-768x1024.jpg 768w\" sizes=\"auto, (max-width: 960px) 100vw, 960px\" \/><\/figure><\/li><li class=\"blocks-gallery-item\"><figure><img loading=\"lazy\" decoding=\"async\" width=\"2560\" height=\"1920\" src=\"https:\/\/filologiya.gdu.edu.az\/wp-content\/uploads\/2024\/11\/IMG-20241108-WA0018-scaled.jpg\" alt=\"\" data-id=\"8010\" data-link=\"https:\/\/filologiya.gdu.edu.az\/?attachment_id=8010#main\" class=\"wp-image-8010\" srcset=\"http:\/\/filologiya.gdu.edu.az\/wp-content\/uploads\/2024\/11\/IMG-20241108-WA0018-scaled.jpg 2560w, http:\/\/filologiya.gdu.edu.az\/wp-content\/uploads\/2024\/11\/IMG-20241108-WA0018-768x576.jpg 768w, http:\/\/filologiya.gdu.edu.az\/wp-content\/uploads\/2024\/11\/IMG-20241108-WA0018-1536x1152.jpg 1536w, http:\/\/filologiya.gdu.edu.az\/wp-content\/uploads\/2024\/11\/IMG-20241108-WA0018-2048x1536.jpg 2048w, http:\/\/filologiya.gdu.edu.az\/wp-content\/uploads\/2024\/11\/IMG-20241108-WA0018-960x720.jpg 960w, http:\/\/filologiya.gdu.edu.az\/wp-content\/uploads\/2024\/11\/IMG-20241108-WA0018-480x360.jpg 480w, http:\/\/filologiya.gdu.edu.az\/wp-content\/uploads\/2024\/11\/IMG-20241108-WA0018-320x240.jpg 320w, http:\/\/filologiya.gdu.edu.az\/wp-content\/uploads\/2024\/11\/IMG-20241108-WA0018-240x180.jpg 240w\" sizes=\"auto, (max-width: 2560px) 100vw, 2560px\" \/><\/figure><\/li><\/ul><\/figure>\n\n\n\n<p>Bu z\u0259f\u0259r tarixi z\u0259f\u0259rdir. Az\u0259rbaycan xalq\u0131 bu g\u00fcn\u00fc 30 il\u0259 yax\u0131n m\u00fcdd\u0259t \u0259rzind\u0259 g\u00f6zl\u0259yirdi.  2020-ci il  8 noyabrda d\u0259mir yumru\u011fumuz  d\u00fc\u015fm\u0259nin belini q\u0131rd\u0131,  ba\u015f\u0131n\u0131 \u0259zdi. Bu g\u00fcn biz q\u0259hr\u0259man xalq kimi bu bayram\u0131 qeyd edirik.<\/p>\n\n\n\n<p>H\u0259r bir Az\u0259rbaycan v\u0259t\u0259nda\u015f\u0131 kimi fak\u00fclt\u0259mizin b\u00fct\u00fcn m\u00fc\u0259llim-t\u0259l\u0259b\u0259 hey\u0259ti bu \u0259ziz g\u00fcn\u00fc b\u00f6y\u00fck co\u015fqu il\u0259 qeyd etdi. <\/p>\n","protected":false},"excerpt":{"rendered":"<p>Bu z\u0259f\u0259r tarixi z\u0259f\u0259rdir. Az\u0259rbaycan xalq\u0131 bu g\u00fcn\u00fc 30 il\u0259 yax\u0131n m\u00fcdd\u0259t \u0259rzind\u0259 g\u00f6zl\u0259yirdi. 2020-ci il 8 noyabrda d\u0259mir yumru\u011fumuz d\u00fc\u015fm\u0259nin belini q\u0131rd\u0131, ba\u015f\u0131n\u0131 \u0259zdi. Bu g\u00fcn biz q\u0259hr\u0259man xalq kimi bu bayram\u0131 qeyd edirik. H\u0259r bir Az\u0259rbaycan v\u0259t\u0259nda\u015f\u0131 kimi fak\u00fclt\u0259mizin b\u00fct\u00fcn m\u00fc\u0259llim-t\u0259l\u0259b\u0259 hey\u0259ti bu \u0259ziz g\u00fcn\u00fc b\u00f6y\u00fck co\u015fqu il\u0259 qeyd etdi.<\/p>\n","protected":false},"author":6,"featured_media":8010,"comment_status":"closed","ping_status":"open","sticky":false,"template":"","format":"standard","meta":{"footnotes":""},"categories":[33,13,3],"tags":[],"class_list":["post-8009","post","type-post","status-publish","format-standard","has-post-thumbnail","hentry","category-tdbirlr","category-tlb-hyati","category-xbrlr"],"_links":{"self":[{"href":"http:\/\/filologiya.gdu.edu.az\/index.php?rest_route=\/wp\/v2\/posts\/8009","targetHints":{"allow":["GET"]}}],"collection":[{"href":"http:\/\/filologiya.gdu.edu.az\/index.php?rest_route=\/wp\/v2\/posts"}],"about":[{"href":"http:\/\/filologiya.gdu.edu.az\/index.php?rest_route=\/wp\/v2\/types\/post"}],"author":[{"embeddable":true,"href":"http:\/\/filologiya.gdu.edu.az\/index.php?rest_route=\/wp\/v2\/users\/6"}],"replies":[{"embeddable":true,"href":"http:\/\/filologiya.gdu.edu.az\/index.php?rest_route=%2Fwp%2Fv2%2Fcomments&post=8009"}],"version-history":[{"count":4,"href":"http:\/\/filologiya.gdu.edu.az\/index.php?rest_route=\/wp\/v2\/posts\/8009\/revisions"}],"predecessor-version":[{"id":8017,"href":"http:\/\/filologiya.gdu.edu.az\/index.php?rest_route=\/wp\/v2\/posts\/8009\/revisions\/8017"}],"wp:featuredmedia":[{"embeddable":true,"href":"http:\/\/filologiya.gdu.edu.az\/index.php?rest_route=\/wp\/v2\/media\/8010"}],"wp:attachment":[{"href":"http:\/\/filologiya.gdu.edu.az\/index.php?rest_route=%2Fwp%2Fv2%2Fmedia&parent=8009"}],"wp:term":[{"taxonomy":"category","embeddable":true,"href":"http:\/\/filologiya.gdu.edu.az\/index.php?rest_route=%2Fwp%2Fv2%2Fcategories&post=8009"},{"taxonomy":"post_tag","embeddable":true,"href":"http:\/\/filologiya.gdu.edu.az\/index.php?rest_route=%2Fwp%2Fv2%2Ftags&post=8009"}],"curies":[{"name":"wp","href":"https:\/\/api.w.org\/{rel}","templated":true}]}}