{"id":780,"date":"2016-12-27T19:32:03","date_gmt":"2016-12-27T17:32:03","guid":{"rendered":"http:\/\/filologiya.gdu.edu.az\/?p=780"},"modified":"2016-12-27T19:42:27","modified_gmt":"2016-12-27T17:42:27","slug":"%c9%99m%c9%99kdasimiz-respublika-elmi-konfransida","status":"publish","type":"post","link":"http:\/\/filologiya.gdu.edu.az\/?p=780","title":{"rendered":"\u018fm\u0259kda\u015f\u0131m\u0131z Respublika Elmi Konfrans\u0131da"},"content":{"rendered":"<p>[metaslider id=788]<\/p>\n<p>Ming\u0259\u00e7evir D\u00f6vl\u0259t Universitetind\u0259 \u201cQloballa\u015fma v\u0259 regional inteqrasiya\u201d m\u00f6vzusunda Respublika elmi konfrans\u0131 ke\u00e7irilib.\u00a0Konfransda Ming\u0259\u00e7evir \u015f\u0259h\u0259r \u0130cra Hakimiyy\u0259ti ba\u015f\u00e7\u0131s\u0131n\u0131n birinci m\u00fcavini, s.f.d. \u0130lham \u0130smay\u0131lov, respublikan\u0131n bir s\u0131ra ali t\u0259hsil m\u00fc\u0259ssis\u0259l\u0259rinin professor-m\u00fc\u0259llim heyy\u0259ti, doktorant, dissertant, elmi-t\u0259dqiqat m\u00fc\u0259ssis\u0259l\u0259rinin elmi i\u015f\u00e7il\u0259ri i\u015ftirak edibl\u0259r.<\/p>\n<p>&nbsp;<\/p>\n<p>Ming\u0259\u00e7evir D\u00f6vl\u0259t Universitetinin Elmi i\u015fl\u0259r \u00fczr\u0259 prorektoru, i.e.d., prof. Veys\u0259l \u018fyyubov \u201cQloballa\u015fma \u015f\u0259raitind\u0259 Az\u0259rbaycan Avropa v\u0259 regionun enerji t\u0259hl\u00fck\u0259siz-liyinin t\u0259minat\u00e7\u0131s\u0131 kimi\u201d; Ming\u0259\u00e7evir D\u00f6vl\u0259t Universitetinin M\u00fch\u0259ndislik fak\u00fclt\u0259sinin dekan\u0131 tex.f.d., dos. V\u00fcqar Mustafayev \u201cQloballa\u015fma d\u00f6vr\u00fcnd\u0259 Az\u0259rbaycan s\u0259nayesinin inki\u015faf\u0131 v\u0259 regional inteqrasiya perspektivl\u0259ri\u201d; Ming\u0259\u00e7evir D\u00f6vl\u0259t Universitetinin Humanitar f\u0259nl\u0259r kafedras\u0131n\u0131n m\u00fcdiri s.f.d., dos. Esmira C\u0259f\u0259rova \u201cQloballa\u015fma v\u0259 humanitar inteqrasiya\u201d; Ming\u0259\u00e7evir D\u00f6vl\u0259t Universitetinin \u0130nformasiya texnologiyalar\u0131 v\u0259 sisteml\u0259ri kafedras\u0131n\u0131n ba\u015f m\u00fc\u0259llimi, tex.f.d. M\u00f6h\u00fcbb\u0259t \u018fhm\u0259dov \u201c\u0130nnovativ informasiya-kommunikasiya texnologiyalar\u0131 layih\u0259l\u0259ri qloballa\u015fma v\u0259 regional inteqrasiya kontekstind\u0259\u201d m\u00f6vzular\u0131nda \u00e7\u0131x\u0131\u015f etmi\u015fl\u0259r.<\/p>\n<p>B\u00f6lm\u0259 iclas\u0131nda universitetimizin \u0259m\u0259kda\u015f\u0131 Az\u0259rbaycan dilinin t\u0259drisi kafedras\u0131n\u0131n ba\u015f m\u00fc\u0259llimi,dissertant Ayt\u0259n \u018fhm\u0259dova i\u015ftirak etmi\u015fdir .Ayt\u0259n \u018fhm\u0259dova\u201dT\u0259hsild\u0259 \u0130KT-d\u0259n istifad\u0259 v\u0259 d\u00fcnyaya inteqrasiya\u201dm\u00f6zusunda \u00e7\u0131x\u0131\u015f etmi\u015fdir.<\/p>\n<p>Sonda rektor A.Hac\u0131yev konfrans v\u0259 m\u0259ruz\u0259l\u0259r bar\u0259d\u0259 fikirl\u0259rini b\u00f6l\u00fc\u015fd\u00fc. M\u0259ruz\u0259l\u0259rin y\u00fcks\u0259k s\u0259viyy\u0259d\u0259 haz\u0131rland\u0131\u011f\u0131n\u0131 bildirdi. Konfrans\u0131n i\u015find\u0259 i\u015ftirak ed\u0259n ali t\u0259hsil m\u00fc\u0259ssis\u0259l\u0259rinin professor-m\u00fc\u0259llim heyy\u0259ti, doktorant, dissertant, elmi-t\u0259dqiqat m\u00fc\u0259ssis\u0259l\u0259rinin elmi i\u015f\u00e7il\u0259rin\u0259 t\u0259\u015f\u0259kk\u00fcr etdi. A.Hac\u0131yev bununlada, konfrans\u0131n plenar iclas\u0131n\u0131n ba\u015fa \u00e7atd\u0131\u011f\u0131n\u0131 qeyd etdi v\u0259 proqrama uy\u011fun olaraq, konfrans i\u015fini iki g\u00fcn \u0259rzind\u0259 b\u00f6lm\u0259 iclaslar\u0131\u0131nda \u00a0davam ed\u0259c\u0259yini vur\u011fulad\u0131.<\/p>\n<p>Qeyd ed\u0259k ki, konfrans Az\u0259rbaycan Respublikas\u0131 T\u0259hsil Nazirliyinin 26.02.2016-c\u0131 il tarixli 120 sayl\u0131 \u0259mri il\u0259 t\u0259sdiq edilmi\u015f \u201cAz\u0259rbaycan Respublikas\u0131 T\u0259hsil Nazirliyi sistemind\u0259 f\u0259aliyy\u0259t g\u00f6st\u0259r\u0259n ali t\u0259hsil m\u00fc\u0259ssis\u0259l\u0259rind\u0259 2016-c\u0131 ild\u0259 ke\u00e7iril\u0259c\u0259k beyn\u0259lxalq v\u0259 respublika elmi konfrans v\u0259 simpoziumlar\u0131n siyah\u0131s\u0131\u201d \u0259sas\u0131nda ke\u00e7irilib.<\/p>\n","protected":false},"excerpt":{"rendered":"<p>[metaslider id=788] Ming\u0259\u00e7evir D\u00f6vl\u0259t Universitetind\u0259 \u201cQloballa\u015fma v\u0259 regional inteqrasiya\u201d m\u00f6vzusunda Respublika elmi konfrans\u0131 ke\u00e7irilib.\u00a0Konfransda Ming\u0259\u00e7evir \u015f\u0259h\u0259r \u0130cra Hakimiyy\u0259ti ba\u015f\u00e7\u0131s\u0131n\u0131n birinci m\u00fcavini, s.f.d. \u0130lham \u0130smay\u0131lov, respublikan\u0131n bir s\u0131ra ali t\u0259hsil m\u00fc\u0259ssis\u0259l\u0259rinin professor-m\u00fc\u0259llim heyy\u0259ti, doktorant, dissertant, elmi-t\u0259dqiqat m\u00fc\u0259ssis\u0259l\u0259rinin elmi i\u015f\u00e7il\u0259ri i\u015ftirak edibl\u0259r. &nbsp; Ming\u0259\u00e7evir D\u00f6vl\u0259t Universitetinin Elmi i\u015fl\u0259r \u00fczr\u0259 prorektoru, i.e.d., prof. Veys\u0259l \u018fyyubov \u201cQloballa\u015fma \u015f\u0259raitind\u0259 Az\u0259rbaycan<\/p>\n<p><a href=\"http:\/\/filologiya.gdu.edu.az\/?p=780\" class=\"more-link themebutton\">Daha \u0259trafl\u0131<\/a><\/p>\n","protected":false},"author":5,"featured_media":0,"comment_status":"open","ping_status":"open","sticky":false,"template":"","format":"standard","meta":{"footnotes":""},"categories":[3],"tags":[],"class_list":["post-780","post","type-post","status-publish","format-standard","hentry","category-xbrlr"],"_links":{"self":[{"href":"http:\/\/filologiya.gdu.edu.az\/index.php?rest_route=\/wp\/v2\/posts\/780","targetHints":{"allow":["GET"]}}],"collection":[{"href":"http:\/\/filologiya.gdu.edu.az\/index.php?rest_route=\/wp\/v2\/posts"}],"about":[{"href":"http:\/\/filologiya.gdu.edu.az\/index.php?rest_route=\/wp\/v2\/types\/post"}],"author":[{"embeddable":true,"href":"http:\/\/filologiya.gdu.edu.az\/index.php?rest_route=\/wp\/v2\/users\/5"}],"replies":[{"embeddable":true,"href":"http:\/\/filologiya.gdu.edu.az\/index.php?rest_route=%2Fwp%2Fv2%2Fcomments&post=780"}],"version-history":[{"count":2,"href":"http:\/\/filologiya.gdu.edu.az\/index.php?rest_route=\/wp\/v2\/posts\/780\/revisions"}],"predecessor-version":[{"id":789,"href":"http:\/\/filologiya.gdu.edu.az\/index.php?rest_route=\/wp\/v2\/posts\/780\/revisions\/789"}],"wp:attachment":[{"href":"http:\/\/filologiya.gdu.edu.az\/index.php?rest_route=%2Fwp%2Fv2%2Fmedia&parent=780"}],"wp:term":[{"taxonomy":"category","embeddable":true,"href":"http:\/\/filologiya.gdu.edu.az\/index.php?rest_route=%2Fwp%2Fv2%2Fcategories&post=780"},{"taxonomy":"post_tag","embeddable":true,"href":"http:\/\/filologiya.gdu.edu.az\/index.php?rest_route=%2Fwp%2Fv2%2Ftags&post=780"}],"curies":[{"name":"wp","href":"https:\/\/api.w.org\/{rel}","templated":true}]}}