{"id":514,"date":"2016-11-24T16:39:10","date_gmt":"2016-11-24T14:39:10","guid":{"rendered":"http:\/\/filologiya.gdu.edu.az\/?p=514"},"modified":"2016-11-26T18:01:06","modified_gmt":"2016-11-26T16:01:06","slug":"az%c9%99rbaycan-v%c9%99-dunya-%c9%99d%c9%99biyyati-kafedrasinin-mu%c9%99llimi-ayt%c9%99n-muskiyevanin-aciq-d%c9%99rsi","status":"publish","type":"post","link":"http:\/\/filologiya.gdu.edu.az\/?p=514","title":{"rendered":"Az\u0259rbaycan v\u0259  d\u00fcnya \u0259d\u0259biyyat\u0131 kafedras\u0131n\u0131n m\u00fc\u0259llimi Ayt\u0259n Mu\u015fkiyevan\u0131n  a\u00e7\u0131q d\u0259rsi"},"content":{"rendered":"<p>[metaslider id=516]24 noyabr 2016 c\u0131 il tarixind\u0259 Filologiya fak\u00fclt\u0259si Az\u0259rbaycan dili v\u0259 \u0259d\u0259biyyat\u0131 m\u00fc\u0259llimliyi ixtisas\u0131n\u0131n III kursunda Az\u0259rbaycan \u0259d\u0259biyyat\u0131 tarixi f\u0259nnind\u0259n&#8221; Leyli v\u0259 M\u0259cnun poemas\u0131n\u0131n \u00a0s\u0259n\u0259tkarl\u0131q x\u00fcsusiyy\u0259tl\u0259ri&#8221; m\u00f6vzusunda a\u00e7\u0131q d\u0259rs \u00a0ke\u00e7irilmi\u015fdir. A\u00e7\u0131q d\u0259rsd\u0259 Filologiya fak\u00fclt\u0259sinin dekan\u0131 professor M\u00fcbariz Yusifov, Az\u0259rbaycan \u00a0v\u0259 d\u00fcnya \u0259d\u0259biyyat\u0131 kafedras\u0131n\u0131n m\u00fcdir \u0259v\u0259zi \u00a0dosent Afaq Yusifli, fak\u00fcl\u0259nin a\u00e7\u0131q d\u0259rsl\u0259rini dinl\u0259m\u0259k \u00fc\u00e7\u00fcn t\u0259hkim olunmu\u015f \u00dczeyir m\u00fc\u0259llim, h\u0259m\u00e7inin Az\u0259rbaycan v\u0259 d\u00fcnya \u0259d\u0259biyyat\u0131 kafedras\u0131n\u0131n dig\u0259r \u0259m\u0259kda\u015flar\u0131 i\u015ftirak etdil\u0259r.<\/p>\n","protected":false},"excerpt":{"rendered":"<p>[metaslider id=516]24 noyabr 2016 c\u0131 il tarixind\u0259 Filologiya fak\u00fclt\u0259si Az\u0259rbaycan dili v\u0259 \u0259d\u0259biyyat\u0131 m\u00fc\u0259llimliyi ixtisas\u0131n\u0131n III kursunda Az\u0259rbaycan \u0259d\u0259biyyat\u0131 tarixi f\u0259nnind\u0259n&#8221; Leyli v\u0259 M\u0259cnun poemas\u0131n\u0131n \u00a0s\u0259n\u0259tkarl\u0131q x\u00fcsusiyy\u0259tl\u0259ri&#8221; m\u00f6vzusunda a\u00e7\u0131q d\u0259rs \u00a0ke\u00e7irilmi\u015fdir. A\u00e7\u0131q d\u0259rsd\u0259 Filologiya fak\u00fclt\u0259sinin dekan\u0131 professor M\u00fcbariz Yusifov, Az\u0259rbaycan \u00a0v\u0259 d\u00fcnya \u0259d\u0259biyyat\u0131 kafedras\u0131n\u0131n m\u00fcdir \u0259v\u0259zi \u00a0dosent Afaq Yusifli, fak\u00fcl\u0259nin a\u00e7\u0131q d\u0259rsl\u0259rini dinl\u0259m\u0259k \u00fc\u00e7\u00fcn t\u0259hkim<\/p>\n<p><a href=\"http:\/\/filologiya.gdu.edu.az\/?p=514\" class=\"more-link themebutton\">Daha \u0259trafl\u0131<\/a><\/p>\n","protected":false},"author":5,"featured_media":0,"comment_status":"open","ping_status":"open","sticky":false,"template":"","format":"standard","meta":{"footnotes":""},"categories":[3],"tags":[],"class_list":["post-514","post","type-post","status-publish","format-standard","hentry","category-xbrlr"],"_links":{"self":[{"href":"http:\/\/filologiya.gdu.edu.az\/index.php?rest_route=\/wp\/v2\/posts\/514","targetHints":{"allow":["GET"]}}],"collection":[{"href":"http:\/\/filologiya.gdu.edu.az\/index.php?rest_route=\/wp\/v2\/posts"}],"about":[{"href":"http:\/\/filologiya.gdu.edu.az\/index.php?rest_route=\/wp\/v2\/types\/post"}],"author":[{"embeddable":true,"href":"http:\/\/filologiya.gdu.edu.az\/index.php?rest_route=\/wp\/v2\/users\/5"}],"replies":[{"embeddable":true,"href":"http:\/\/filologiya.gdu.edu.az\/index.php?rest_route=%2Fwp%2Fv2%2Fcomments&post=514"}],"version-history":[{"count":5,"href":"http:\/\/filologiya.gdu.edu.az\/index.php?rest_route=\/wp\/v2\/posts\/514\/revisions"}],"predecessor-version":[{"id":543,"href":"http:\/\/filologiya.gdu.edu.az\/index.php?rest_route=\/wp\/v2\/posts\/514\/revisions\/543"}],"wp:attachment":[{"href":"http:\/\/filologiya.gdu.edu.az\/index.php?rest_route=%2Fwp%2Fv2%2Fmedia&parent=514"}],"wp:term":[{"taxonomy":"category","embeddable":true,"href":"http:\/\/filologiya.gdu.edu.az\/index.php?rest_route=%2Fwp%2Fv2%2Fcategories&post=514"},{"taxonomy":"post_tag","embeddable":true,"href":"http:\/\/filologiya.gdu.edu.az\/index.php?rest_route=%2Fwp%2Fv2%2Ftags&post=514"}],"curies":[{"name":"wp","href":"https:\/\/api.w.org\/{rel}","templated":true}]}}