{"id":477,"date":"2016-11-23T14:12:00","date_gmt":"2016-11-23T12:12:00","guid":{"rendered":"http:\/\/filologiya.gdu.edu.az\/?p=477"},"modified":"2017-05-11T15:44:44","modified_gmt":"2017-05-11T13:44:44","slug":"az%c9%99rbaycan-dili-kafedrasinin-bas-mu%c9%99llimi-m%c9%99mm%c9%99dova-mehribanin-aciq-d%c9%99rsi-kecirilib","status":"publish","type":"post","link":"http:\/\/filologiya.gdu.edu.az\/?p=477","title":{"rendered":"AZ\u018fRBAYCAN D\u0130L\u0130 KAFEDRASININ BA\u015e M\u00dc\u018fLL\u0130M\u0130 MEHR\u0130BAN M\u018fMM\u018fDOVANIN A\u00c7IQ D\u018fRS\u0130 KE\u00c7\u0130R\u0130L\u0130B"},"content":{"rendered":"<p>[metaslider id=496]22 noyabr 2016 c\u0131 il tarixind\u0259 Az\u0259rbaycan dili kafedras\u0131n\u0131n ba\u015f m\u00fc\u0259llimi M\u0259mm\u0259dova Mehriban\u0131n\u00a0 Filologiya fak\u00fclt\u0259sinin Az\u0259rbaycan dili v\u0259 \u0259d\u0259biyyat\u0131 m\u00fc\u0259llimliyi ixtisas\u0131n\u0131n 2-ci kursunda M\u00fcasir Az\u0259rbaycan dili f\u0259nnind\u0259n\u00a0 \u201cFonetik s\u00f6z yarad\u0131c\u0131l\u0131\u011f\u0131\u201d m\u00f6vzusunda a\u00e7\u0131q d\u0259rsi ke\u00e7irilmi\u015fdir. A\u00e7\u0131q d\u0259rsd\u0259 fonetik s\u00f6z yarad\u0131c\u0131l\u0131\u011f\u0131na dair t\u0259dqiqtlar, s\u00f6z yarad\u0131c\u0131l\u0131\u011f\u0131n\u0131n \u0259sas istiqam\u0259tl\u0259ri, M\u0259cazla\u015fma il\u0259 sinkretik k\u00f6kl\u0259rin yaranmas\u0131, Dil-di\u015f ke\u00e7idl\u0259ri \u00fczr\u0259 yaranan s\u00f6zl\u0259r\u0259 aid ke\u00e7idl\u0259r, Dodaq samitl\u0259rinin ke\u00e7idi \u00fczr\u0259 yaranan s\u00f6zl\u0259r v\u0259.s haqq\u0131nda dan\u0131\u015f\u0131l\u0131b<\/p>\n<p>A\u00e7\u0131q d\u0259rsd\u0259 filologiya fak\u00fclt\u0259sinin dekan\u0131 professor M\u00fcbariz Yusifov, Az\u0259rbaycan dili kafedras\u0131n\u0131n m\u00fcdiri professor Telman Quliyev, fak\u00fclt\u0259nin a\u00e7\u0131q d\u0259rsl\u0259rini dinl\u0259m\u0259k \u00fc\u00e7\u00fcn t\u0259hkim olunmu\u015f \u00dczeyir m\u00fc\u0259llim, h\u0259m\u00e7inin az\u0259rbaycan dili\u00a0 kafedras\u0131n\u0131n dig\u0259r \u0259m\u0259kda\u015flar\u0131 i\u015ftirak etdil\u0259r<\/p>\n","protected":false},"excerpt":{"rendered":"<p>[metaslider id=496]22 noyabr 2016 c\u0131 il tarixind\u0259 Az\u0259rbaycan dili kafedras\u0131n\u0131n ba\u015f m\u00fc\u0259llimi M\u0259mm\u0259dova Mehriban\u0131n\u00a0 Filologiya fak\u00fclt\u0259sinin Az\u0259rbaycan dili v\u0259 \u0259d\u0259biyyat\u0131 m\u00fc\u0259llimliyi ixtisas\u0131n\u0131n 2-ci kursunda M\u00fcasir Az\u0259rbaycan dili f\u0259nnind\u0259n\u00a0 \u201cFonetik s\u00f6z yarad\u0131c\u0131l\u0131\u011f\u0131\u201d m\u00f6vzusunda a\u00e7\u0131q d\u0259rsi ke\u00e7irilmi\u015fdir. A\u00e7\u0131q d\u0259rsd\u0259 fonetik s\u00f6z yarad\u0131c\u0131l\u0131\u011f\u0131na dair t\u0259dqiqtlar, s\u00f6z yarad\u0131c\u0131l\u0131\u011f\u0131n\u0131n \u0259sas istiqam\u0259tl\u0259ri, M\u0259cazla\u015fma il\u0259 sinkretik k\u00f6kl\u0259rin yaranmas\u0131, Dil-di\u015f ke\u00e7idl\u0259ri \u00fczr\u0259 yaranan<\/p>\n<p><a href=\"http:\/\/filologiya.gdu.edu.az\/?p=477\" class=\"more-link themebutton\">Daha \u0259trafl\u0131<\/a><\/p>\n","protected":false},"author":5,"featured_media":0,"comment_status":"open","ping_status":"open","sticky":false,"template":"","format":"standard","meta":{"footnotes":""},"categories":[12,3],"tags":[],"class_list":["post-477","post","type-post","status-publish","format-standard","hentry","category-kafedralar","category-xbrlr"],"_links":{"self":[{"href":"http:\/\/filologiya.gdu.edu.az\/index.php?rest_route=\/wp\/v2\/posts\/477","targetHints":{"allow":["GET"]}}],"collection":[{"href":"http:\/\/filologiya.gdu.edu.az\/index.php?rest_route=\/wp\/v2\/posts"}],"about":[{"href":"http:\/\/filologiya.gdu.edu.az\/index.php?rest_route=\/wp\/v2\/types\/post"}],"author":[{"embeddable":true,"href":"http:\/\/filologiya.gdu.edu.az\/index.php?rest_route=\/wp\/v2\/users\/5"}],"replies":[{"embeddable":true,"href":"http:\/\/filologiya.gdu.edu.az\/index.php?rest_route=%2Fwp%2Fv2%2Fcomments&post=477"}],"version-history":[{"count":3,"href":"http:\/\/filologiya.gdu.edu.az\/index.php?rest_route=\/wp\/v2\/posts\/477\/revisions"}],"predecessor-version":[{"id":894,"href":"http:\/\/filologiya.gdu.edu.az\/index.php?rest_route=\/wp\/v2\/posts\/477\/revisions\/894"}],"wp:attachment":[{"href":"http:\/\/filologiya.gdu.edu.az\/index.php?rest_route=%2Fwp%2Fv2%2Fmedia&parent=477"}],"wp:term":[{"taxonomy":"category","embeddable":true,"href":"http:\/\/filologiya.gdu.edu.az\/index.php?rest_route=%2Fwp%2Fv2%2Fcategories&post=477"},{"taxonomy":"post_tag","embeddable":true,"href":"http:\/\/filologiya.gdu.edu.az\/index.php?rest_route=%2Fwp%2Fv2%2Ftags&post=477"}],"curies":[{"name":"wp","href":"https:\/\/api.w.org\/{rel}","templated":true}]}}