{"id":3830,"date":"2019-09-30T23:18:36","date_gmt":"2019-09-30T21:18:36","guid":{"rendered":"http:\/\/filologiya.gdu.edu.az\/?p=3830"},"modified":"2019-11-21T06:54:49","modified_gmt":"2019-11-21T04:54:49","slug":"dahi-s%c9%99xsiyy%c9%99t-h%c9%99mid-araslinin-110-illik-yubileyi","status":"publish","type":"post","link":"http:\/\/filologiya.gdu.edu.az\/?p=3830","title":{"rendered":"DAH\u0130 \u015e\u018fXS\u0130YY\u018fT H\u018fM\u0130D ARASLININ 110 \u0130LL\u0130K YUB\u0130LEY\u0130"},"content":{"rendered":"<p>[metaslider id=3825]G\u0259nc\u0259 D\u00f6vl\u0259t Universitetind\u0259 (GDU) \u0259d\u0259biyyat\u015f\u00fcnas, akademik, professor, \u018fm\u0259kdar elm xadimi H\u0259mid Arasl\u0131n\u0131n 110 illik yubileyin\u0259 h\u0259sr olunmu\u015f \u201cKlassik v\u0259 \u015fifahi xalq \u0259d\u0259biyyat\u0131m\u0131z\u0131n misilsiz t\u0259dqiqat\u00e7\u0131s\u0131\u201d adl\u0131 t\u0259dbir ke\u00e7irilib.<\/p>\n<p>T\u0259dbiri Humanitar m\u0259s\u0259l\u0259l\u0259r \u00fczr\u0259 prorektor G\u00fcls\u00fcm F\u0259t\u0259liyeva a\u00e7araq, b\u00f6y\u00fck \u0259dibin h\u0259yat v\u0259 f\u0259aliyy\u0259tind\u0259n dan\u0131\u015f\u0131b.<\/p>\n<p>Bildirilib ki, q\u0259dim G\u0259nc\u0259 torpa\u011f\u0131 Az\u0259rbaycan elmin\u0259 v\u0259 m\u0259d\u0259niyy\u0259tin\u0259, \u0259d\u0259biyyat v\u0259 inc\u0259s\u0259n\u0259tin\u0259 bir \u00e7ox g\u00f6rk\u0259mli \u015f\u0259xsiyy\u0259tl\u0259r b\u0259x\u015f edib. Bu g\u00fcn 110 illik yubileyini y\u00fcks\u0259k q\u00fcrur hissi il\u0259 qeyd etdiyimiz akademik H\u0259mid Arasl\u0131 da bel\u0259 \u015f\u0259xsiyy\u0259tl\u0259rd\u0259n biridir.<\/p>\n<p>Az\u0259rbaycan Respublikas\u0131 Prezidenti \u0130lham \u018fliyev akademik H\u0259mid Arasl\u0131n\u0131n 110 illiyinin qeyd edilm\u0259si haqq\u0131nda S\u0259r\u0259ncam imzalay\u0131b. S\u0259r\u0259ncamda bildirilir ki, 2019-cu ilin fevral ay\u0131nda g\u00f6rk\u0259mli \u0259d\u0259biyyat\u015f\u00fcnas, Az\u0259rbaycan Elml\u0259r Akademiyas\u0131n\u0131n h\u0259qiqi \u00fczv\u00fc, \u018fm\u0259kdar elm xadimi, filologiya elml\u0259ri doktoru, professor H\u0259mid M\u0259h\u0259mm\u0259dta\u011f\u0131 o\u011flu Arasl\u0131n\u0131n anadan olmas\u0131n\u0131n 110 illiyi tamam olur.<\/p>\n<p>O, Az\u0259rbaycan \u0259d\u0259biyyat\u015f\u00fcnasl\u0131\u011f\u0131nda Xaqani \u015eirvani, Nizami G\u0259nc\u0259vi, M\u0259h\u0259mm\u0259d F\u00fczuli, Saib T\u0259brizi, Mirz\u0259 F\u0259t\u0259li Axundov v\u0259 dig\u0259r g\u00f6rk\u0259mli klassikl\u0259rin t\u0259dqiqat\u00e7\u0131s\u0131 kimi tan\u0131n\u0131b, Az\u0259rbaycan v\u0259 \u00d6zb\u0259kistan\u0131n \u018fm\u0259kdar elm xadimi ad\u0131na layiq g\u00f6r\u00fcl\u00fcb, bir \u00e7ox orden v\u0259 medallarla t\u0259ltif olunub.<\/p>\n<p>Prorektor G\u00fcls\u00fcm F\u0259t\u0259liyeva onu da qeyd edib ki, \u00fcmummilli lider Heyd\u0259r \u018fliyevin t\u0259\u015f\u0259bb\u00fcs\u00fc il\u0259 \u0130mad\u0259ddin N\u0259siminin 600 illik yubileyinin ke\u00e7irilm\u0259sind\u0259 f\u0259al i\u015ftirak ed\u0259n, bu yubiley\u0259 \u00f6z t\u00f6hf\u0259sini ver\u0259n aliml\u0259rd\u0259n biri d\u0259 H\u0259mid Arasl\u0131 olub. Onun \u201c\u0130mad\u0259ddin N\u0259simi\u201d monoqrafiyas\u0131 Az\u0259rbaycan, t\u00fcrk, \u0259r\u0259b, fars, rus, ingilis v\u0259 frans\u0131z dill\u0259rind\u0259 16 min tirajla n\u0259\u015fr edilib. Bu kitab\u0131n bel\u0259 y\u00fcks\u0259k tirajla i\u015f\u0131q \u00fcz\u00fc g\u00f6rm\u0259sind\u0259 Ulu \u00d6nd\u0259rin b\u00f6y\u00fck xidm\u0259ti x\u00fcsusi qeyd olunmal\u0131d\u0131r. \u00c7\u00fcnki o d\u00f6vrd\u0259 b\u0259zi q\u00fcvv\u0259l\u0259r h\u0259m Az\u0259rbaycanda, h\u0259m d\u0259 Moskvada bu yubileyin ke\u00e7irilm\u0259sin\u0259, N\u0259siminin \u0259s\u0259rl\u0259rinin d\u00fcnyada yay\u0131lmas\u0131na mane olmaq ist\u0259yirdil\u0259r. Lakin Heyd\u0259r \u018fliyevin q\u0259tiyy\u0259ti v\u0259 \u0259zmkarl\u0131\u011f\u0131 qar\u015f\u0131s\u0131nda bu qara q\u00fcvv\u0259l\u0259r geri \u00e7\u0259kilm\u0259y\u0259 m\u0259cbur oldular.<\/p>\n<p>D\u00f6vl\u0259timizin ba\u015f\u00e7\u0131s\u0131 \u0130lham \u018fliyevin 2019-cu ili \u201cN\u0259simi ili\u201d elan etm\u0259si Ulu \u00d6nd\u0259rin \u0259d\u0259biyyat\u0131m\u0131za v\u0259 m\u0259d\u0259niyy\u0259timiz\u0259 g\u00f6st\u0259rdiyi qay\u011f\u0131n\u0131n u\u011furla davam etdirildiyinin parlaq n\u00fcmun\u0259sidir. \u201cKitabi-D\u0259d\u0259 Qorqud\u201d dastan\u0131n\u0131n ilk d\u0259f\u0259 \u00e7ap olunmas\u0131 da H\u0259mid Arasl\u0131n\u0131n xalq\u0131m\u0131z qar\u015f\u0131s\u0131nda g\u00f6st\u0259rdiyi f\u0259dakarl\u0131q kimi qiym\u0259tl\u0259ndirilir. \u00c7\u00fcnki 50-ci ill\u0259rd\u0259 bu dastan\u0131n \u00e7ap\u0131 qada\u011fan edilmi\u015f, H\u0259mid Arasl\u0131ya q\u0259r\u0259zli h\u00fccumlar olmu\u015fdu. Yen\u0259 d\u0259 Ulu \u00d6nd\u0259rin t\u0259\u015f\u0259bb\u00fcs\u00fc il\u0259 2000-ci ild\u0259 \u201cKitabi-D\u0259d\u0259 Qorqud\u201dun 1300 illik yubileyinin UNESCO x\u0259tti il\u0259 qeyd olunmas\u0131 H\u0259mid Arasl\u0131n\u0131n n\u0259 q\u0259d\u0259r \u015f\u0259r\u0259fli v\u0259 g\u0259r\u0259kli bir i\u015fi h\u0259yata ke\u00e7irdiyini s\u00fcbut etdi. T\u0259\u0259ss\u00fcf ki, bu yubileyi g\u00f6rm\u0259k b\u00f6y\u00fck alim\u0259 n\u0259sib olmad\u0131.<\/p>\n<p>Az\u0259rbaycan v\u0259 d\u00fcnya \u0259d\u0259biyyat\u0131 kafedras\u0131n\u0131n dosent v\u0259 m\u00fc\u0259lliml\u0259ri m\u0259ruz\u0259l\u0259rind\u0259 akademikin h\u0259yat v\u0259 yarad\u0131c\u0131l\u0131q yolundan b\u0259hs edibl\u0259r. Bildirilib ki, H\u0259mid Arasl\u0131 uzun ill\u0259r indiki Bak\u0131 D\u00f6vl\u0259t Universitetinin filologiya fak\u00fclt\u0259sind\u0259 orta \u0259srl\u0259r Az\u0259rbaycan \u0259d\u0259biyyat\u0131ndan m\u00fchazir\u0259l\u0259r oxuyub, 20 il\u0259 yax\u0131n bu universitetd\u0259 kafedra m\u00fcdiri i\u015fl\u0259yib. Onun ali v\u0259 orta m\u0259kt\u0259bl\u0259r \u00fc\u00e7\u00fcn yazd\u0131\u011f\u0131 d\u0259rslikl\u0259r uzun ill\u0259r k\u00fctl\u0259vi tirajla n\u0259\u015fr edilib. H\u0259mid Arasl\u0131 s\u0259m\u0259r\u0259li elmi-pedaqoji f\u0259aliyy\u0259ti il\u0259 yana\u015f\u0131, h\u0259m d\u0259 y\u00fcks\u0259k t\u0259\u015fkilat\u00e7\u0131 olub. O, m\u00fcxt\u0259lif ill\u0259rd\u0259 Nizami G\u0259nc\u0259vi ad\u0131na \u018fd\u0259biyyat \u0130nstitutunun \u015f\u00f6b\u0259 m\u00fcdiri, direktoru, akademiyan\u0131n Yax\u0131n v\u0259 Orta \u015e\u0259rq xalqlar\u0131 \u0130nstitutunun direktoru v\u0259zif\u0259l\u0259rind\u0259 \u00e7al\u0131\u015f\u0131b. K\u0259nd m\u00fc\u0259llimind\u0259n akademikliy\u0259d\u0259k \u015f\u0259r\u0259fli bir \u00f6m\u00fcr yolu ke\u00e7\u0259n H\u0259mid Arasl\u0131n\u0131n xatir\u0259si h\u0259mi\u015f\u0259 \u0259ziz tutulur.<\/p>\n<p>H\u0259mid Arasl\u0131n\u0131n \u201cB\u00f6y\u00fck Az\u0259rbaycan \u015fairi F\u00fczuli\u201d, \u201c\u0130mad\u0259ddin N\u0259simi\u201d, \u201cXaqani \u015eirvani\u201d, \u201c\u015eairin h\u0259yat\u0131\u201d v\u0259 ba\u015fqa \u0259s\u0259rl\u0259ri elmi ictimaiyy\u0259t t\u0259r\u0259find\u0259n b\u00f6y\u00fck r\u0259\u011fb\u0259tl\u0259 qar\u015f\u0131lan\u0131b. M\u0259h\u0259mm\u0259d F\u00fczulinin \u0259s\u0259rl\u0259rinin elmi-\u0259d\u0259bi m\u0259tninin haz\u0131rlan\u0131b \u00e7ap olunmas\u0131 onun ad\u0131 il\u0259 ba\u011fl\u0131d\u0131r. \u201cB\u00f6y\u00fck Az\u0259rbaycan \u015fairi F\u00fczuli\u201d monoqrafiyas\u0131 indi d\u0259 \u00f6z elmi \u0259h\u0259miyy\u0259tini v\u0259 aktuall\u0131\u011f\u0131n\u0131 saxlay\u0131r.<\/p>\n","protected":false},"excerpt":{"rendered":"<p>[metaslider id=3825]G\u0259nc\u0259 D\u00f6vl\u0259t Universitetind\u0259 (GDU) \u0259d\u0259biyyat\u015f\u00fcnas, akademik, professor, \u018fm\u0259kdar elm xadimi H\u0259mid Arasl\u0131n\u0131n 110 illik yubileyin\u0259 h\u0259sr olunmu\u015f \u201cKlassik v\u0259 \u015fifahi xalq \u0259d\u0259biyyat\u0131m\u0131z\u0131n misilsiz t\u0259dqiqat\u00e7\u0131s\u0131\u201d adl\u0131 t\u0259dbir ke\u00e7irilib. T\u0259dbiri Humanitar m\u0259s\u0259l\u0259l\u0259r \u00fczr\u0259 prorektor G\u00fcls\u00fcm F\u0259t\u0259liyeva a\u00e7araq, b\u00f6y\u00fck \u0259dibin h\u0259yat v\u0259 f\u0259aliyy\u0259tind\u0259n dan\u0131\u015f\u0131b. Bildirilib ki, q\u0259dim G\u0259nc\u0259 torpa\u011f\u0131 Az\u0259rbaycan elmin\u0259 v\u0259 m\u0259d\u0259niyy\u0259tin\u0259, \u0259d\u0259biyyat v\u0259 inc\u0259s\u0259n\u0259tin\u0259 bir<\/p>\n<p><a href=\"http:\/\/filologiya.gdu.edu.az\/?p=3830\" class=\"more-link themebutton\">Daha \u0259trafl\u0131<\/a><\/p>\n","protected":false},"author":6,"featured_media":0,"comment_status":"closed","ping_status":"open","sticky":false,"template":"","format":"standard","meta":{"footnotes":""},"categories":[3],"tags":[],"class_list":["post-3830","post","type-post","status-publish","format-standard","hentry","category-xbrlr"],"_links":{"self":[{"href":"http:\/\/filologiya.gdu.edu.az\/index.php?rest_route=\/wp\/v2\/posts\/3830","targetHints":{"allow":["GET"]}}],"collection":[{"href":"http:\/\/filologiya.gdu.edu.az\/index.php?rest_route=\/wp\/v2\/posts"}],"about":[{"href":"http:\/\/filologiya.gdu.edu.az\/index.php?rest_route=\/wp\/v2\/types\/post"}],"author":[{"embeddable":true,"href":"http:\/\/filologiya.gdu.edu.az\/index.php?rest_route=\/wp\/v2\/users\/6"}],"replies":[{"embeddable":true,"href":"http:\/\/filologiya.gdu.edu.az\/index.php?rest_route=%2Fwp%2Fv2%2Fcomments&post=3830"}],"version-history":[{"count":2,"href":"http:\/\/filologiya.gdu.edu.az\/index.php?rest_route=\/wp\/v2\/posts\/3830\/revisions"}],"predecessor-version":[{"id":3850,"href":"http:\/\/filologiya.gdu.edu.az\/index.php?rest_route=\/wp\/v2\/posts\/3830\/revisions\/3850"}],"wp:attachment":[{"href":"http:\/\/filologiya.gdu.edu.az\/index.php?rest_route=%2Fwp%2Fv2%2Fmedia&parent=3830"}],"wp:term":[{"taxonomy":"category","embeddable":true,"href":"http:\/\/filologiya.gdu.edu.az\/index.php?rest_route=%2Fwp%2Fv2%2Fcategories&post=3830"},{"taxonomy":"post_tag","embeddable":true,"href":"http:\/\/filologiya.gdu.edu.az\/index.php?rest_route=%2Fwp%2Fv2%2Ftags&post=3830"}],"curies":[{"name":"wp","href":"https:\/\/api.w.org\/{rel}","templated":true}]}}