{"id":3780,"date":"2019-06-25T12:48:00","date_gmt":"2019-06-25T10:48:00","guid":{"rendered":"http:\/\/filologiya.gdu.edu.az\/?p=3780"},"modified":"2019-07-02T09:06:14","modified_gmt":"2019-07-02T07:06:14","slug":"fakult%c9%99mizin-%c9%99m%c9%99kdaslari-beyn%c9%99lxalq-simpoziumda","status":"publish","type":"post","link":"http:\/\/filologiya.gdu.edu.az\/?p=3780","title":{"rendered":"Fak\u00fclt\u0259mizin \u0259m\u0259kda\u015f\u0131 beyn\u0259lxalq simpoziumda"},"content":{"rendered":"<p>[metaslider id=3792]Atat\u00fcrk K\u00fclt\u00fcr, Dil v\u0259 Tarix Y\u00fcks\u0259k Qurumu\u00a0 19 May\u0131s Universiteti il\u0259 birlikd\u0259 v\u0259 Samsun B\u00f6y\u00fck\u015f\u0259h\u0259r B\u0259l\u0259diyy\u0259sinin d\u0259st\u0259yi il\u0259 2019-cu il 11-14 iyun tarixl\u0259rind\u0259 T\u00fcrkiy\u0259nin Samsun \u015f\u0259h\u0259rind\u0259\u00a0 \u201c100-c\u00fc ilind\u0259 19 May v\u0259 Milli M\u00fccadil\u0259\u201d adl\u0131 Beyn\u0259lxalq Simpozium ke\u00e7irmi\u015fdir. Az\u0259rbaycan Respublikas\u0131n\u0131n 31 n\u0259f\u0259rd\u0259n ibar\u0259t n\u00fcmay\u0259nd\u0259 hey\u0259ti 4 g\u00fcn \u0259rzind\u0259 plenar v\u0259 b\u00f6lm\u0259 iclaslar\u0131nda f\u0259al i\u015ftirak etmi\u015f, Atat\u00fcrk\u00fcn Samsundan ba\u015flayan Milli M\u00fccadil\u0259 h\u0259r\u0259kat\u0131n\u0131n tarixi m\u0259kanlar\u0131n\u0131 ziyar\u0259t etmi\u015fdir. G\u0259nc\u0259 D\u00f6vl\u0259t Universitetini t\u0259msil ed\u0259n Az\u0259rbaycan v\u0259 d\u00fcnya \u0259d\u0259biyyat\u0131 kafedras\u0131n\u0131n dosenti Afaq Yusifli v\u0259 ba\u015f m\u00fc\u0259llim Yegan\u0259 H\u00fcseynova Simpoziumun i\u015find\u0259 f\u0259al i\u015ftirak etmi\u015f, onlar\u0131n \u00a0\u00e7\u0131x\u0131\u015f\u0131 \u00a0v\u0259 m\u00fczakir\u0259l\u0259rd\u0259 f\u0259all\u0131\u011f\u0131\u00a0 Simpozium protokollar\u0131nda qeyd edilmi\u015f, \u0259m\u0259kda\u015flar\u0131m\u0131z sertifikatla t\u0259ltif olunmu\u015flar.<\/p>\n","protected":false},"excerpt":{"rendered":"<p>[metaslider id=3792]Atat\u00fcrk K\u00fclt\u00fcr, Dil v\u0259 Tarix Y\u00fcks\u0259k Qurumu\u00a0 19 May\u0131s Universiteti il\u0259 birlikd\u0259 v\u0259 Samsun B\u00f6y\u00fck\u015f\u0259h\u0259r B\u0259l\u0259diyy\u0259sinin d\u0259st\u0259yi il\u0259 2019-cu il 11-14 iyun tarixl\u0259rind\u0259 T\u00fcrkiy\u0259nin Samsun \u015f\u0259h\u0259rind\u0259\u00a0 \u201c100-c\u00fc ilind\u0259 19 May v\u0259 Milli M\u00fccadil\u0259\u201d adl\u0131 Beyn\u0259lxalq Simpozium ke\u00e7irmi\u015fdir. Az\u0259rbaycan Respublikas\u0131n\u0131n 31 n\u0259f\u0259rd\u0259n ibar\u0259t n\u00fcmay\u0259nd\u0259 hey\u0259ti 4 g\u00fcn \u0259rzind\u0259 plenar v\u0259 b\u00f6lm\u0259 iclaslar\u0131nda f\u0259al i\u015ftirak etmi\u015f,<\/p>\n<p><a href=\"http:\/\/filologiya.gdu.edu.az\/?p=3780\" class=\"more-link themebutton\">Daha \u0259trafl\u0131<\/a><\/p>\n","protected":false},"author":6,"featured_media":0,"comment_status":"closed","ping_status":"open","sticky":false,"template":"","format":"standard","meta":{"footnotes":""},"categories":[3],"tags":[],"class_list":["post-3780","post","type-post","status-publish","format-standard","hentry","category-xbrlr"],"_links":{"self":[{"href":"http:\/\/filologiya.gdu.edu.az\/index.php?rest_route=\/wp\/v2\/posts\/3780","targetHints":{"allow":["GET"]}}],"collection":[{"href":"http:\/\/filologiya.gdu.edu.az\/index.php?rest_route=\/wp\/v2\/posts"}],"about":[{"href":"http:\/\/filologiya.gdu.edu.az\/index.php?rest_route=\/wp\/v2\/types\/post"}],"author":[{"embeddable":true,"href":"http:\/\/filologiya.gdu.edu.az\/index.php?rest_route=\/wp\/v2\/users\/6"}],"replies":[{"embeddable":true,"href":"http:\/\/filologiya.gdu.edu.az\/index.php?rest_route=%2Fwp%2Fv2%2Fcomments&post=3780"}],"version-history":[{"count":4,"href":"http:\/\/filologiya.gdu.edu.az\/index.php?rest_route=\/wp\/v2\/posts\/3780\/revisions"}],"predecessor-version":[{"id":3802,"href":"http:\/\/filologiya.gdu.edu.az\/index.php?rest_route=\/wp\/v2\/posts\/3780\/revisions\/3802"}],"wp:attachment":[{"href":"http:\/\/filologiya.gdu.edu.az\/index.php?rest_route=%2Fwp%2Fv2%2Fmedia&parent=3780"}],"wp:term":[{"taxonomy":"category","embeddable":true,"href":"http:\/\/filologiya.gdu.edu.az\/index.php?rest_route=%2Fwp%2Fv2%2Fcategories&post=3780"},{"taxonomy":"post_tag","embeddable":true,"href":"http:\/\/filologiya.gdu.edu.az\/index.php?rest_route=%2Fwp%2Fv2%2Ftags&post=3780"}],"curies":[{"name":"wp","href":"https:\/\/api.w.org\/{rel}","templated":true}]}}