{"id":3588,"date":"2019-05-01T13:35:54","date_gmt":"2019-05-01T11:35:54","guid":{"rendered":"http:\/\/filologiya.gdu.edu.az\/?p=3588"},"modified":"2019-05-17T13:51:54","modified_gmt":"2019-05-17T11:51:54","slug":"heyd%c9%99r-%c9%99liyevin-96-illik-yubileyin%c9%99-h%c9%99sr-olunmus-t%c9%99dbir-kecirilib","status":"publish","type":"post","link":"http:\/\/filologiya.gdu.edu.az\/?p=3588","title":{"rendered":"Heyd\u0259r \u018fliyevin 96 illik yubileyin\u0259 h\u0259sr olunmu\u015f t\u0259dbir ke\u00e7irilib"},"content":{"rendered":"<p>[metaslider id=3619]G\u0259nc\u0259 D\u00f6vl\u0259t Universitetinin Veteranlar \u015euras\u0131n\u0131n t\u0259\u015fkilat\u00e7\u0131l\u0131\u011f\u0131 il\u0259 \u00fcmummilli lider Heyd\u0259r \u018fliyevin anadan olmas\u0131n\u0131n 96-c\u0131 ild\u00f6n\u00fcm\u00fcn\u0259 h\u0259sr edil\u0259n elmi-n\u0259z\u0259ri seminar ke\u00e7irilib.<\/p>\n<p>Seminarda Filologiya v\u0259 Xarici dill\u0259r fak\u00fclt\u0259l\u0259rinin professor-m\u00fc\u0259llim hey\u0259ti, t\u0259l\u0259b\u0259 kollektivi i\u015ftirak edib.<\/p>\n<p>T\u0259dbiri a\u00e7an universitetin Humanitar m\u0259s\u0259sl\u0259l\u0259r \u00fczr\u0259 prorektoru G\u00fcls\u00fcm F\u0259t\u0259liyeva \u00dcmummilli Liderin ibr\u0259tamiz h\u0259yat yolundan, onun Sovet v\u0259 m\u00fcst\u0259qillik d\u00f6vr\u00fcnd\u0259 g\u00f6rd\u00fcy\u00fc b\u00f6y\u00fck i\u015fl\u0259rd\u0259n dan\u0131\u015f\u0131b. Bildirilib ki, Sovet d\u00f6vr\u00fcnd\u0259 Az\u0259rbaycan Respublikas\u0131n\u0131 gerid\u0259 qalm\u0131\u015f \u00f6lk\u0259l\u0259rd\u0259n qabaqc\u0131llar s\u0131ras\u0131na \u00e7\u0131xaran Ulu \u00d6nd\u0259r m\u00fcst\u0259qillik d\u00f6vr\u00fcnd\u0259 d\u0259 \u00f6lk\u0259nin d\u00fcnyada tan\u0131nmas\u0131na v\u0259 inki\u015faf\u0131n davaml\u0131 olmas\u0131na nail olub.<\/p>\n<p>Az\u0259rbaycan dili kafedras\u0131n\u0131n professoru M\u00fcbariz Yusifov \u201cHeyd\u0259r \u018fliyev v\u0259 nitq m\u0259d\u0259niyy\u0259ti\u201d m\u00f6vzusunda m\u0259ruz\u0259sind\u0259 Ulu \u00d6nd\u0259rin nitq m\u0259d\u0259niyy\u0259ti m\u0259s\u0259l\u0259l\u0259rin\u0259 x\u00fcsusi \u00f6n\u0259m verm\u0259si, h\u0259m Az\u0259rbaycan KP MK-n\u0131n birinci katibi, h\u0259m d\u0259 respublika prezidenti kimi Az\u0259rbaycan dilinin \u00f6n\u0259mli m\u00f6vqey\u0259 \u00e7\u0131xar\u0131lmas\u0131 \u00fc\u00e7\u00fcn verdiyi m\u00fch\u00fcm q\u0259rarlardan b\u0259hs edib.<\/p>\n<p>Professor H\u0259s\u0259nbala Sad\u0131qov \u201cHeyd\u0259r \u018fliyev v\u0259 Az\u0259rbaycan tarixi\u201d adl\u0131 m\u0259ruz\u0259sind\u0259 Heyd\u0259r \u018fliyevin Az\u0259rbaycan tarixinin daha d\u0259rind\u0259n v\u0259 h\u0259rt\u0259r\u0259fli ara\u015fd\u0131r\u0131lmas\u0131 \u00fc\u00e7\u00fcn verdiyi q\u0259rarlardan, Ulu \u00d6nd\u0259rin m\u0259ruz\u0259 v\u0259 \u00e7\u0131x\u0131\u015flar\u0131nda qiym\u0259tli fikirl\u0259r s\u00f6yl\u0259m\u0259sind\u0259n, Heyd\u0259r \u018fliyevin Az\u0259rbaycan tarixind\u0259 silinm\u0259z izl\u0259r qoyan, \u00f6z \u0259m\u0259ll\u0259ri il\u0259 tarix yazan, yaradan bir \u015f\u0259xsiyy\u0259t olmas\u0131n\u0131 vur\u011fulay\u0131b.<\/p>\n","protected":false},"excerpt":{"rendered":"<p>[metaslider id=3619]G\u0259nc\u0259 D\u00f6vl\u0259t Universitetinin Veteranlar \u015euras\u0131n\u0131n t\u0259\u015fkilat\u00e7\u0131l\u0131\u011f\u0131 il\u0259 \u00fcmummilli lider Heyd\u0259r \u018fliyevin anadan olmas\u0131n\u0131n 96-c\u0131 ild\u00f6n\u00fcm\u00fcn\u0259 h\u0259sr edil\u0259n elmi-n\u0259z\u0259ri seminar ke\u00e7irilib. Seminarda Filologiya v\u0259 Xarici dill\u0259r fak\u00fclt\u0259l\u0259rinin professor-m\u00fc\u0259llim hey\u0259ti, t\u0259l\u0259b\u0259 kollektivi i\u015ftirak edib. T\u0259dbiri a\u00e7an universitetin Humanitar m\u0259s\u0259sl\u0259l\u0259r \u00fczr\u0259 prorektoru G\u00fcls\u00fcm F\u0259t\u0259liyeva \u00dcmummilli Liderin ibr\u0259tamiz h\u0259yat yolundan, onun Sovet v\u0259 m\u00fcst\u0259qillik d\u00f6vr\u00fcnd\u0259 g\u00f6rd\u00fcy\u00fc b\u00f6y\u00fck i\u015fl\u0259rd\u0259n<\/p>\n<p><a href=\"http:\/\/filologiya.gdu.edu.az\/?p=3588\" class=\"more-link themebutton\">Daha \u0259trafl\u0131<\/a><\/p>\n","protected":false},"author":5,"featured_media":0,"comment_status":"closed","ping_status":"open","sticky":false,"template":"","format":"standard","meta":{"footnotes":""},"categories":[3],"tags":[],"class_list":["post-3588","post","type-post","status-publish","format-standard","hentry","category-xbrlr"],"_links":{"self":[{"href":"http:\/\/filologiya.gdu.edu.az\/index.php?rest_route=\/wp\/v2\/posts\/3588","targetHints":{"allow":["GET"]}}],"collection":[{"href":"http:\/\/filologiya.gdu.edu.az\/index.php?rest_route=\/wp\/v2\/posts"}],"about":[{"href":"http:\/\/filologiya.gdu.edu.az\/index.php?rest_route=\/wp\/v2\/types\/post"}],"author":[{"embeddable":true,"href":"http:\/\/filologiya.gdu.edu.az\/index.php?rest_route=\/wp\/v2\/users\/5"}],"replies":[{"embeddable":true,"href":"http:\/\/filologiya.gdu.edu.az\/index.php?rest_route=%2Fwp%2Fv2%2Fcomments&post=3588"}],"version-history":[{"count":6,"href":"http:\/\/filologiya.gdu.edu.az\/index.php?rest_route=\/wp\/v2\/posts\/3588\/revisions"}],"predecessor-version":[{"id":3645,"href":"http:\/\/filologiya.gdu.edu.az\/index.php?rest_route=\/wp\/v2\/posts\/3588\/revisions\/3645"}],"wp:attachment":[{"href":"http:\/\/filologiya.gdu.edu.az\/index.php?rest_route=%2Fwp%2Fv2%2Fmedia&parent=3588"}],"wp:term":[{"taxonomy":"category","embeddable":true,"href":"http:\/\/filologiya.gdu.edu.az\/index.php?rest_route=%2Fwp%2Fv2%2Fcategories&post=3588"},{"taxonomy":"post_tag","embeddable":true,"href":"http:\/\/filologiya.gdu.edu.az\/index.php?rest_route=%2Fwp%2Fv2%2Ftags&post=3588"}],"curies":[{"name":"wp","href":"https:\/\/api.w.org\/{rel}","templated":true}]}}