{"id":3484,"date":"2018-05-06T14:52:52","date_gmt":"2018-05-06T12:52:52","guid":{"rendered":"http:\/\/filologiya.gdu.edu.az\/?p=3484"},"modified":"2021-12-17T21:07:49","modified_gmt":"2021-12-17T19:07:49","slug":"f-e-d-professor-quliyev-telman-ziyatxan-oglu","status":"publish","type":"post","link":"http:\/\/filologiya.gdu.edu.az\/?p=3484","title":{"rendered":"f.e.d.,professor Quliyev Telman  Ziyatxan  o\u011flu"},"content":{"rendered":"<p><strong>\u00a0<a href=\"http:\/\/filologiya.gdu.edu.az\/wp-content\/uploads\/2016\/04\/prof.Telman-Ziyatxan-o\u011flu-Quliyev-kafedra-m\u00fcdiri1.jpg\"><img loading=\"lazy\" decoding=\"async\" class=\"size-medium wp-image-586 alignleft\" src=\"http:\/\/filologiya.gdu.edu.az\/wp-content\/uploads\/2016\/04\/prof.Telman-Ziyatxan-o\u011flu-Quliyev-kafedra-m\u00fcdiri1-213x300.jpg\" alt=\"prof-telman-ziyatxan-oglu-quliyev-kafedra-mudiri\" width=\"213\" height=\"300\" \/><\/a><\/strong><\/p>\n<p><strong>Q\u0131sa bioqrafik m\u0259lumat:<\/strong><\/p>\n<p>1949-cu il noyabr ay\u0131n\u0131n 4-d\u0259 G\u00fcrc\u00fcstan Respublikas\u0131n\u0131n Bolnisi rayonunun Molla-\u018fhm\u0259dli k\u0259ndind\u0259 anadan olmu\u015fdur. 1967-ci ild\u0259 Bolnisi rayonunun A\u015fa\u011f\u0131-Qo\u015fakils\u0259 orta m\u0259kt\u0259bini bitirmi\u015f v\u0259 h\u0259min ild\u0259 A.S.Pu\u015fkin\u00a0 ad\u0131na Tbilisi D\u00f6vl\u0259t Pedaqoji \u0130nstitutunun Az\u0259rbaycan dili v\u0259 \u0259d\u0259biyyat\u0131 fakult\u0259sin\u0259 daxil olmu\u015f, oran\u0131 f\u0259rql\u0259nm\u0259 diplomu il\u0259 bitirmi\u015f v\u0259 ixtisas\u0131 \u00fczr\u0259 orta m\u0259kt\u0259bd\u0259 m\u00fc\u0259llim, 1972-ci ild\u0259n\u00a0 A.S.Pu\u015fkin ad\u0131na Tbilisi D\u00f6vl\u0259t Pedaqoji \u0130nstitutunun \u00a0Az\u0259rbaycan dili v\u0259 \u0259d\u0259biyyat\u0131 kafedras\u0131nda laborant, ba\u015f laborant, sonra is\u0259 dosenti i\u015fl\u0259mi\u015fdir.1989-cu ilin mart ay\u0131nda M.R\u0259sulzad\u0259 ad\u0131na BDU-da f\u0259aliyy\u0259t g\u00f6st\u0259r\u0259n \u0130xtisasla\u015fd\u0131r\u0131lm\u0131\u015f \u015eurada namiz\u0259dlik dissertasiyas\u0131 m\u00fcdafi\u0259 ed\u0259r\u0259k filologiya elml\u0259ri namiz\u0259di\u00a0 alimlik d\u0259r\u0259c\u0259si elmi ad\u0131n\u0131 alm\u0131\u015fd\u0131r. 1999-cu ild\u0259n dosentdir.1991-ci ild\u0259n H.Z\u0259rdabi ad\u0131na GDP\u0130-nin Qazax filial\u0131nda humanitar f\u0259nl\u0259r kafedras\u0131nda m\u00fc\u0259llim, 1992-ci ild\u0259n is\u0259 h\u0259min\u00a0 kafedran\u0131n m\u00fcdiri \u0259v\u0259zi, 1993-c\u00fc ild\u0259n 2003-c\u00fc ilin sentyabr ay\u0131nad\u0259k h\u0259min kafedran\u0131n m\u00fcdiri i\u015fl\u0259mi\u015fdir.14 dekabr 2000-ci ild\u0259n 26 sentyabr 2006-ci il tarix\u0259 q\u0259d\u0259r G\u0259nc\u0259 D\u00f6vl\u0259t Universitetinin elmi i\u015fl\u0259r \u00fczr\u0259 prorektoru v\u0259zif\u0259sind\u0259 \u00e7al\u0131\u015fm\u0131\u015fd\u0131r.29 sentyabr 2003-c\u00fc il tarixd\u0259n 23 oktyabr 2008-ci il tarix\u0259d\u0259k G\u0259nc\u0259 D\u00f6vl\u0259t Universitetinin Az\u0259rbaycan dili kafedras\u0131n\u0131n dosentidir. 2007-ci ilin iyun ay\u0131nda AMEA-n\u0131n N\u0259simi ad\u0131na Dil\u00e7ilik \u0130nstitutunun n\u0259zdind\u0259 f\u0259aliyy\u0259t g\u00f6st\u0259r\u0259n \u0130xtisasla\u015fd\u0131r\u0131lm\u0131\u015f m\u00fcdafi\u0259 \u015euras\u0131nda doktorluk dissertasiyas\u0131 m\u00fcdafi\u0259 ed\u0259r\u0259k filologiya elml\u0259ri doktoru\u00a0 alimlik d\u0259r\u0259c\u0259si elmi ad\u0131n\u0131 alm\u0131\u015fd\u0131r. 18 yanvar 2008-ci il tarixd\u0259n\u00a0 filologiya elml\u0259ri doktorudur. 23 oktyabr 2008-ci il tarixd\u0259n 18 oktyabr\u00a0 2013-c\u00fc il\u0259 q\u0259d\u0259r kafedran\u0131n professor \u0259v\u0259zi v\u0259zif\u0259sind\u0259 \u00e7al\u0131\u015fm\u0131\u015fd\u0131r. 18 oktyabr 2013-c\u00fc il tarixd\u0259n\u00a0 hal-haz\u0131ra q\u0259d\u0259r kafedran\u0131n professoru v\u0259zif\u0259sind\u0259dir. Universitetin Az\u0259rbaycan dili kafedras\u0131n\u0131n m\u00fcdiridir.\u00a0 Ail\u0259lidir. \u0130ki \u00f6vlad\u0131 var. \u0130ntizaml\u0131, \u00f6z\u00fcn\u0259 qar\u015f\u0131 t\u0259l\u0259bkard\u0131r. Az\u0259rbaycan\u00e7\u0131l\u0131q ideologiyas\u0131n\u0131 g\u0259nc n\u0259slin v\u0259t\u0259np\u0259rv\u0259rlik t\u0259rbiy\u0259sin\u0259 t\u0259tbiq edir. Universitet v\u0259 fak\u00fclt\u0259 Elmi \u015euras\u0131n\u0131n \u00fczv\u00fcd\u00fcr. 1998-ci ild\u0259n YAP-\u0131n \u00fczv\u00fcd\u00fcr.<\/p>\n<p><strong>Elmi f\u0259aliyy\u0259ti:<\/strong><\/p>\n<p>O, 6 (alt\u0131) doktorant v\u0259 dissertanta elmi r\u0259hb\u0259rlik etmi\u015fdir. Onlardan 4 (d\u00f6rd) n\u0259f\u0259r m\u00fcdafi\u0259 etmi\u015f, 2(iki) n\u0259f\u0259ri is\u0259 dissertasiya i\u015fini tamamlayaraq M\u00fcdafi\u0259 \u015euras\u0131na t\u0259qdim etmi\u015fdir. O, filologiya elminin m\u00fcxt\u0259lif sah\u0259l\u0259rin\u0259 h\u0259sr olunmu\u015f 110 (y\u00fcz on) elmi \u0259s\u0259rin, o c\u00fcml\u0259d\u0259n, 1 (bir) d\u0259rsliyin, 5 (be\u015f) metodik v\u0259 d\u0259rs v\u0259saitin, 18 (on s\u0259kkiz) f\u0259nn proqram\u0131n\u0131n, 4 (d\u00f6rd) monoqrafiyan\u0131n,\u00a082 (s\u0259ks\u0259n iki) m\u0259qal\u0259nin m\u00fc\u0259llifidir. \u00a0\u201c Az\u0259rbaycanca-G\u00fcrc\u00fcc\u0259 m\u0259kt\u0259bli l\u00fc\u011f\u0259ti\u201dnin (TDU n\u0259\u015friyyat\u0131,1989) redaktorudur. 6 (alt\u0131) il G\u0259nc\u0259 D\u00f6vl\u0259t Universitetinin \u201cElmi \u0259s\u0259rl\u0259r m\u0259cmu\u00fc\u0259si\u201dnin ba\u015f redaktor m\u00fcavini olmu\u015fdur. O respublika v\u0259 beyn\u0259lxalq s\u0259viyy\u0259d\u0259 ke\u00e7iril\u0259n elmi konfranslarda i\u015ftirak edir. Elmi f\u0259aliyy\u0259ti respublikam\u0131zda v\u0259 onun h\u00fcdudlar\u0131ndan k\u0259narda r\u0259\u011fb\u0259tl\u0259 qar\u015f\u0131lan\u0131r. O, i\u015fg\u00fczar t\u0259\u015fkilat\u00e7\u0131,d\u0259rin biliy\u0259 malik m\u00fct\u0259x\u0259ssis,m\u0259suldar alim-pedaqoq kimi taninm\u0131\u015fd\u0131r. T\u0259l\u0259bkarl\u0131\u011f\u0131, pedaqoji bacar\u0131\u011f\u0131 v\u0259 s\u0259mimiyy\u0259ti il\u0259 m\u00fc\u0259llim-t\u0259l\u0259b\u0259 kollektivind\u0259 \u00f6z\u00fcn\u0259 h\u00f6rm\u0259t v\u0259 ehtiram qazanm\u0131\u015fd\u0131r. Kafedrada yerin\u0259 yetiril\u0259n elmi-t\u0259dqiqat v\u0259 t\u0259dris-metodiki i\u015fl\u0259r\u0259 layiqinc\u0259 r\u0259hb\u0259rlik edir.G\u00fcrc\u00fcstan Respublikas\u0131nda t\u0259hsil sah\u0259sind\u0259ki xidm\u0259tl\u0259rin\u0259 g\u00f6r\u0259 G\u00fcrc\u00fcstan Respublikas\u0131 Prezidentinin 07 dekabr 2001-ci il tarixli 1252 \u2116-li F\u0259rman\u0131 il\u0259 \u00ab\u015e\u00f6hr\u0259t medal\u0131\u00bb il\u0259 t\u0259ltif olunmu\u015fdur.<\/p>\n<p><strong>\u00a0<\/strong><\/p>\n\n\n<p><\/p>\n","protected":false},"excerpt":{"rendered":"<p>\u00a0 Q\u0131sa bioqrafik m\u0259lumat: 1949-cu il noyabr ay\u0131n\u0131n 4-d\u0259 G\u00fcrc\u00fcstan Respublikas\u0131n\u0131n Bolnisi rayonunun Molla-\u018fhm\u0259dli k\u0259ndind\u0259 anadan olmu\u015fdur. 1967-ci ild\u0259 Bolnisi rayonunun A\u015fa\u011f\u0131-Qo\u015fakils\u0259 orta m\u0259kt\u0259bini bitirmi\u015f v\u0259 h\u0259min ild\u0259 A.S.Pu\u015fkin\u00a0 ad\u0131na Tbilisi D\u00f6vl\u0259t Pedaqoji \u0130nstitutunun Az\u0259rbaycan dili v\u0259 \u0259d\u0259biyyat\u0131 fakult\u0259sin\u0259 daxil olmu\u015f, oran\u0131 f\u0259rql\u0259nm\u0259 diplomu il\u0259 bitirmi\u015f v\u0259 ixtisas\u0131 \u00fczr\u0259 orta m\u0259kt\u0259bd\u0259 m\u00fc\u0259llim, 1972-ci ild\u0259n\u00a0 A.S.Pu\u015fkin<\/p>\n<p><a href=\"http:\/\/filologiya.gdu.edu.az\/?p=3484\" class=\"more-link themebutton\">Daha \u0259trafl\u0131<\/a><\/p>\n","protected":false},"author":5,"featured_media":3485,"comment_status":"open","ping_status":"open","sticky":false,"template":"","format":"standard","meta":{"footnotes":""},"categories":[1],"tags":[],"class_list":["post-3484","post","type-post","status-publish","format-standard","has-post-thumbnail","hentry","category-sas"],"_links":{"self":[{"href":"http:\/\/filologiya.gdu.edu.az\/index.php?rest_route=\/wp\/v2\/posts\/3484","targetHints":{"allow":["GET"]}}],"collection":[{"href":"http:\/\/filologiya.gdu.edu.az\/index.php?rest_route=\/wp\/v2\/posts"}],"about":[{"href":"http:\/\/filologiya.gdu.edu.az\/index.php?rest_route=\/wp\/v2\/types\/post"}],"author":[{"embeddable":true,"href":"http:\/\/filologiya.gdu.edu.az\/index.php?rest_route=\/wp\/v2\/users\/5"}],"replies":[{"embeddable":true,"href":"http:\/\/filologiya.gdu.edu.az\/index.php?rest_route=%2Fwp%2Fv2%2Fcomments&post=3484"}],"version-history":[{"count":3,"href":"http:\/\/filologiya.gdu.edu.az\/index.php?rest_route=\/wp\/v2\/posts\/3484\/revisions"}],"predecessor-version":[{"id":4851,"href":"http:\/\/filologiya.gdu.edu.az\/index.php?rest_route=\/wp\/v2\/posts\/3484\/revisions\/4851"}],"wp:featuredmedia":[{"embeddable":true,"href":"http:\/\/filologiya.gdu.edu.az\/index.php?rest_route=\/wp\/v2\/media\/3485"}],"wp:attachment":[{"href":"http:\/\/filologiya.gdu.edu.az\/index.php?rest_route=%2Fwp%2Fv2%2Fmedia&parent=3484"}],"wp:term":[{"taxonomy":"category","embeddable":true,"href":"http:\/\/filologiya.gdu.edu.az\/index.php?rest_route=%2Fwp%2Fv2%2Fcategories&post=3484"},{"taxonomy":"post_tag","embeddable":true,"href":"http:\/\/filologiya.gdu.edu.az\/index.php?rest_route=%2Fwp%2Fv2%2Ftags&post=3484"}],"curies":[{"name":"wp","href":"https:\/\/api.w.org\/{rel}","templated":true}]}}