{"id":3347,"date":"2019-05-02T16:45:30","date_gmt":"2019-05-02T14:45:30","guid":{"rendered":"http:\/\/filologiya.gdu.edu.az\/?p=3347"},"modified":"2019-05-03T11:24:48","modified_gmt":"2019-05-03T09:24:48","slug":"fakkult%c9%99d%c9%99-n%c9%99siminin-650-illik-yubileyin%c9%99-h%c9%99sr-edilmis-t%c9%99dbir-kecirilmisdir","status":"publish","type":"post","link":"http:\/\/filologiya.gdu.edu.az\/?p=3347","title":{"rendered":"Fakk\u00fclt\u0259d\u0259 N\u0259siminin 650 illik yubileyin\u0259 h\u0259sr edilmi\u015f t\u0259dbir ke\u00e7irilmi\u015fdir"},"content":{"rendered":"<p>[metaslider id=3377]02.05.2019-cu il tarixd\u0259 Filologiya fak\u00fclt\u0259sind\u0259 N\u0259siminin anadan olmas\u0131n\u0131n 650 illiyin\u0259\u00a0 h\u0259sr edilmi\u015f &#8220;\u0130ki cahana s\u0131\u011fmayan f\u0259ls\u0259f\u0259&#8221; adl\u0131 qira\u0259t ax\u015fam\u0131 ke\u00e7irilmi\u015fdir.<\/p>\n<p>T\u0259dbiri giri\u015f s\u00f6z\u00fc il\u0259 fak\u00fclt\u0259 dekan\u0131 dos. Zakir \u018fl\u0259sg\u0259rov a\u00e7araq qeyd etmi\u015fdir ki, Az\u0259rbaycan Respublikas\u0131 prezidenti \u0130lham \u018fliyevin 11 yanvar 2019-cu il S\u0259r\u0259ncam\u0131 il\u0259 2019-cu il N\u0259simi ili elan olunmu\u015fdur. Bununla \u0259laq\u0259dar \u00f6lk\u0259mizd\u0259 v\u0259 o c\u00fcml\u0259d\u0259n universitetd\u0259 N\u0259simi il\u0259 ba\u011fl\u0131 t\u0259dbirl\u0259r plan\u0131 i\u015fl\u0259nib haz\u0131rlanm\u0131\u015fd\u0131r. Sevindirici hald\u0131r ki, universitet daxilind\u0259 ilk t\u0259dbiri Filologiya fak\u00fclt\u0259si\u00a0 haz\u0131rlam\u0131\u015fd\u0131r.\u00a0 Humanitar m\u0259s\u0259l\u0259l\u0259r \u00fczr\u0259 prorektor dos. G\u00fcls\u00fcm F\u0259t\u0259liyeva bel\u0259 bir t\u0259dbiri t\u0259\u015fkil etdiyi \u00fc\u00e7\u00fcn fak\u00fclt\u0259 dekanl\u0131\u011f\u0131na\u00a0 \u00f6z t\u0259\u015f\u0259kk\u00fcr\u00fcn\u00fc bildirmi\u015fdir.\u00a0 Az\u0259rbaycan v\u0259 d\u00fcnya \u0259d\u0259biyyat\u0131 kafedras\u0131n\u0131n ba\u015f m\u00fc\u0259llimi Ayg\u00fcn \u018fhm\u0259dova &#8220;N\u0259simi q\u0259z\u0259ll\u0259rinin potik x\u00fcsusiyy\u0259tl\u0259ri&#8221; m\u00f6vzusunda \u00e7\u0131x\u0131\u015f etmi\u015f, kafedran\u0131n dosenti Qivami Qaz\u0131yev is\u0259 N\u0259simiy\u0259 h\u0259sr etdiyi &#8220;N\u0259simi&#8221; r\u0259difli qo\u015fmas\u0131n\u0131 i\u015ftirak\u00e7\u0131lara t\u0259qdim etmi\u015fdir. Sonra Filologiya fak\u00fclt\u0259sinin t\u0259l\u0259b\u0259l\u0259rinin ifas\u0131nda N\u0259siminin q\u0259z\u0259ll\u0259ri s\u0259sl\u0259nmi\u015fdir. T\u0259dbir i\u015ftirak\u00e7\u0131lar\u0131\u00a0 N\u0259siminin h\u0259yat v\u0259 yarad\u0131c\u0131l\u0131\u011f\u0131na h\u0259sr olunmu\u015f slayd\u0131 izl\u0259dil\u0259r. T\u0259dbir \u00fc\u00e7\u00fcn haz\u0131rlanm\u0131\u015f slaydlar, t\u0259l\u0259b\u0259l\u0259rin \u00e7\u0131x\u0131\u015flar\u0131 v\u0259 &#8220;N\u0259simi&#8221; filmind\u0259n g\u00f6st\u0259ril\u0259n fraqmentl\u0259r \u00f6z r\u0259ngar\u0259ngliyi il\u0259 se\u00e7ilmi\u015f v\u0259 diqq\u0259ti c\u0259lb etmi\u015fdir. T\u0259dbird\u0259, h\u0259m\u00e7inin, Xarici dill\u0259r fak\u00fclt\u0259sinin Alman dili, \u0130ngilis dili, Rus dili v\u0259 Frans\u0131z dili m\u00fc\u0259llimliyi ixtisas\u0131n\u0131n t\u0259l\u0259b\u0259l\u0259ri d\u0259 i\u015ftirak etdil\u0259r. Onlar rus, frans\u0131z, ingilis v\u0259 alman dill\u0259rind\u0259 N\u0259siminin q\u0259z\u0259ll\u0259rini s\u00f6yl\u0259dil\u0259r.<\/p>\n<p>Sonda fak\u00fclt\u0259 dekan\u0131 dos. Zakir \u018fl\u0259sg\u0259rov\u00a0 t\u0259l\u0259b\u0259l\u0259r\u0259 yax\u0131ndan k\u00f6m\u0259k g\u00f6st\u0259rdikl\u0259rin\u0259 v\u0259 d\u0259st\u0259k olduqlar\u0131na g\u00f6r\u0259 Az\u0259rbaycan dili kafedras\u0131n\u0131n dosenti G\u00fclar\u0259 M\u0259likovaya, Az\u0259rbaycan v\u0259 d\u00fcnya \u0259d\u0259biyyat\u0131 kafedras\u0131n\u0131n ba\u015f m\u00fc\u0259llimi Ayg\u00fcn \u018fhm\u0259dovaya minn\u0259tdarl\u0131\u011f\u0131n\u0131 bildirdi. Yekun \u00e7\u0131x\u0131\u015f\u0131nda humanitar m\u0259s\u0259l\u0259l\u0259r \u00fczr\u0259 prorektor dos. G\u00fcls\u00fcm F\u0259t\u0259liyeva Filologiya fak\u00fclt\u0259sind\u0259 bu c\u00fcr t\u0259dbirl\u0259rin davaml\u0131 olaca\u011f\u0131na \u0259minliyini qeyd etdi.<\/p>\n","protected":false},"excerpt":{"rendered":"<p>[metaslider id=3377]02.05.2019-cu il tarixd\u0259 Filologiya fak\u00fclt\u0259sind\u0259 N\u0259siminin anadan olmas\u0131n\u0131n 650 illiyin\u0259\u00a0 h\u0259sr edilmi\u015f &#8220;\u0130ki cahana s\u0131\u011fmayan f\u0259ls\u0259f\u0259&#8221; adl\u0131 qira\u0259t ax\u015fam\u0131 ke\u00e7irilmi\u015fdir. T\u0259dbiri giri\u015f s\u00f6z\u00fc il\u0259 fak\u00fclt\u0259 dekan\u0131 dos. Zakir \u018fl\u0259sg\u0259rov a\u00e7araq qeyd etmi\u015fdir ki, Az\u0259rbaycan Respublikas\u0131 prezidenti \u0130lham \u018fliyevin 11 yanvar 2019-cu il S\u0259r\u0259ncam\u0131 il\u0259 2019-cu il N\u0259simi ili elan olunmu\u015fdur. Bununla \u0259laq\u0259dar \u00f6lk\u0259mizd\u0259 v\u0259<\/p>\n<p><a href=\"http:\/\/filologiya.gdu.edu.az\/?p=3347\" class=\"more-link themebutton\">Daha \u0259trafl\u0131<\/a><\/p>\n","protected":false},"author":5,"featured_media":0,"comment_status":"open","ping_status":"open","sticky":false,"template":"","format":"standard","meta":{"footnotes":""},"categories":[3],"tags":[],"class_list":["post-3347","post","type-post","status-publish","format-standard","hentry","category-xbrlr"],"_links":{"self":[{"href":"http:\/\/filologiya.gdu.edu.az\/index.php?rest_route=\/wp\/v2\/posts\/3347","targetHints":{"allow":["GET"]}}],"collection":[{"href":"http:\/\/filologiya.gdu.edu.az\/index.php?rest_route=\/wp\/v2\/posts"}],"about":[{"href":"http:\/\/filologiya.gdu.edu.az\/index.php?rest_route=\/wp\/v2\/types\/post"}],"author":[{"embeddable":true,"href":"http:\/\/filologiya.gdu.edu.az\/index.php?rest_route=\/wp\/v2\/users\/5"}],"replies":[{"embeddable":true,"href":"http:\/\/filologiya.gdu.edu.az\/index.php?rest_route=%2Fwp%2Fv2%2Fcomments&post=3347"}],"version-history":[{"count":4,"href":"http:\/\/filologiya.gdu.edu.az\/index.php?rest_route=\/wp\/v2\/posts\/3347\/revisions"}],"predecessor-version":[{"id":3404,"href":"http:\/\/filologiya.gdu.edu.az\/index.php?rest_route=\/wp\/v2\/posts\/3347\/revisions\/3404"}],"wp:attachment":[{"href":"http:\/\/filologiya.gdu.edu.az\/index.php?rest_route=%2Fwp%2Fv2%2Fmedia&parent=3347"}],"wp:term":[{"taxonomy":"category","embeddable":true,"href":"http:\/\/filologiya.gdu.edu.az\/index.php?rest_route=%2Fwp%2Fv2%2Fcategories&post=3347"},{"taxonomy":"post_tag","embeddable":true,"href":"http:\/\/filologiya.gdu.edu.az\/index.php?rest_route=%2Fwp%2Fv2%2Ftags&post=3347"}],"curies":[{"name":"wp","href":"https:\/\/api.w.org\/{rel}","templated":true}]}}