{"id":3002,"date":"2018-12-26T15:39:32","date_gmt":"2018-12-26T13:39:32","guid":{"rendered":"http:\/\/filologiya.gdu.edu.az\/?p=3002"},"modified":"2018-12-26T16:00:17","modified_gmt":"2018-12-26T14:00:17","slug":"dunya-az%c9%99rbaycanlilarinin-h%c9%99mr%c9%99ylik-gunu-munasib%c9%99tiyl%c9%99-t%c9%99dbir-kecirilib","status":"publish","type":"post","link":"http:\/\/filologiya.gdu.edu.az\/?p=3002","title":{"rendered":"D\u00fcnya Az\u0259rbaycanl\u0131lar\u0131n\u0131n h\u0259mr\u0259ylik g\u00fcn\u00fc m\u00fcnasib\u0259tiyl\u0259 t\u0259dbir ke\u00e7irilib"},"content":{"rendered":"<p>[metaslider id=3009]26 dekabr 2018 ci il tarixd\u0259 filologiya fak\u00fclt\u0259sind\u0259 d\u00fcnya az\u0259rbaycanl\u0131lar\u0131n\u0131n h\u0259mr\u0259ylik g\u00fcn\u00fc m\u00fcnasib\u0259tiyl\u0259 t\u0259dbir ke\u00e7irilmi\u015fdir.<br \/>\nT\u0259dbird\u0259 \u00e7\u0131x\u0131\u015f ed\u0259n humanitar m\u0259s\u0259l\u0259l\u0259r \u00fczr\u0259 dekan m\u00fcavini\u00a0 Nadir Kub\u0131\u015fev bildirib ki, 31 dekabr tarixi ayr\u0131-ayr\u0131 \u00f6lk\u0259l\u0259rd\u0259 ya\u015fayan az\u0259rbaycanl\u0131lar aras\u0131nda birlik v\u0259 h\u0259mr\u0259ylik yaratmaq prosesind\u0259 m\u00fch\u00fcm rol oynay\u0131r. Onun s\u00f6zl\u0259rin\u0259 g\u00f6r\u0259, \u00f6lk\u0259d\u0259 b\u00fct\u00fcn sah\u0259l\u0259rd\u0259 oldu\u011fu kimi, diaspor quruculu\u011funda m\u00fch\u00fcm u\u011furlara imza at\u0131l\u0131b: \u201cD\u00fcnya Az\u0259rbaycanl\u0131lar\u0131n\u0131n H\u0259mr\u0259ylik G\u00fcn\u00fcn\u00fcn qeyd edilm\u0259si b\u00fct\u00fcn d\u00fcnya az\u0259rbaycanl\u0131lar\u0131 t\u0259r\u0259find\u0259n art\u0131q bir z\u0259rur\u0259t\u0259 v\u0259 m\u0259n\u0259vi ehtiyaca \u00e7evrilib. \u00dcmummilli lider Heyd\u0259r \u018fliyev t\u0259r\u0259find\u0259n 31 dekabr tarixinin D\u00fcnya Az\u0259rbaycanl\u0131lar\u0131n\u0131n H\u0259mr\u0259ylik G\u00fcn\u00fc kimi qeyd edilm\u0259si Az\u0259rbaycan\u0131n d\u00fcnya d\u00f6vl\u0259tl\u0259ri s\u0131ras\u0131nda s\u00f6z sahibin\u0259 \u00e7evrilm\u0259sin\u0259, d\u00fcnya az\u0259rbaycanl\u0131lar\u0131 aras\u0131nda milli birliyin daha da g\u00fccl\u0259nm\u0259si v\u0259 t\u0259\u015fkilatlanmas\u0131na t\u0259kan verib\u201d.<\/p>\n<p>Fak\u00fclt\u0259 dekan\u0131, professor M\u00fcbariz Yusifov vur\u011fulay\u0131b ki, D\u00fcnya Az\u0259rbaycanl\u0131lar\u0131n\u0131n H\u0259mr\u0259yliyi G\u00fcn\u00fcn\u00fcn qeyd edilm\u0259si b\u00fct\u00fcn xaricd\u0259 ya\u015fayan soyda\u015flar\u0131m\u0131z\u0131n m\u0259n\u0259vi ehtiyac\u0131na \u00e7evrilib. H\u0259min g\u00fcn\u00fcn ayr\u0131-ayr\u0131 \u00f6lk\u0259l\u0259rd\u0259 ya\u015fayan az\u0259rbaycanl\u0131lar aras\u0131nda birlik v\u0259 h\u0259mr\u0259ylik yaratmaq prosesind\u0259 m\u00fch\u00fcm rol oynad\u0131\u011f\u0131n\u0131 dey\u0259n rektor diqq\u0259t\u0259 \u00e7atd\u0131r\u0131b ki, \u00fcmummilli lider Heyd\u0259r \u018fliyevin bu m\u00fcdrik siyas\u0259ti h\u0259r bir soyda\u015f\u0131m\u0131za ba\u015fucal\u0131\u011f\u0131 g\u0259tirir. D\u00fcnya Az\u0259rbaycanl\u0131lar\u0131n\u0131n H\u0259mr\u0259yliyi G\u00fcn\u00fc b\u00fct\u00fcn soyda\u015flar\u0131m\u0131z t\u0259r\u0259find\u0259n h\u0259r il t\u0259nt\u0259n\u0259 il\u0259 qeyd olunur. Ulu \u00d6nd\u0259r t\u0259r\u0259find\u0259n 31 dekabr tarixinin D\u00fcnya Az\u0259rbaycanl\u0131lar\u0131n\u0131n H\u0259mr\u0259yliyi G\u00fcn\u00fc kimi qeyd edilm\u0259si xaricd\u0259ki soyda\u015flar\u0131m\u0131z aras\u0131nda milli birliyin daha da g\u00fccl\u0259nm\u0259sin\u0259 t\u0259kan verib<\/p>\n<p>Az\u0259rbaycan v\u0259 d\u00fcny \u0259d\u0259biyyat\u0131 kafedras\u0131n\u0131n dossenti Qivami Qaz\u0131yev\u00a0qeyd edib ki, 31 Dekabr \u2013 D\u00fcnya Az\u0259rbaycanl\u0131lar\u0131n\u0131n H\u0259mr\u0259yliyi G\u00fcn\u00fc \u2014 Az\u0259rbaycan mill\u0259tinin birlik \u015f\u00fcar\u0131n\u0131n simvolik g\u00fcn\u00fcd\u00fcr. Bu bayram ayr\u0131-ayr\u0131 \u00f6lk\u0259l\u0259rd\u0259 ya\u015fayan az\u0259rbaycanl\u0131larla \u0259laq\u0259l\u0259r qurmaq, onlar aras\u0131nda birlik v\u0259 h\u0259mr\u0259ylik yaratmaq i\u015find\u0259 m\u00fch\u00fcm rol oynay\u0131r. D\u00fcnya Az\u0259rbaycanl\u0131lar\u0131n\u0131n H\u0259mr\u0259ylik g\u00fcn\u00fcn\u00fcn qeyd edilm\u0259si b\u00fct\u00fcn d\u00fcnya az\u0259rbaycanl\u0131lar\u0131 t\u0259r\u0259find\u0259n art\u0131q bir z\u0259rur\u0259t\u0259 v\u0259 m\u0259n\u0259vi ehtiyaca \u00e7evrilmi\u015fdir. Xalq\u0131m\u0131z, d\u00fcnyan\u0131n m\u00fcxt\u0259lif \u00f6lk\u0259l\u0259rind\u0259 m\u0259skunla\u015fm\u0131\u015f soyda\u015flar\u0131m\u0131z h\u0259r il dekabr\u0131n 31-d\u0259 milli h\u0259mr\u0259ylik g\u00fcn\u00fcn\u00fc qeyd edir.<\/p>\n<p>Sonda fak\u00fclt\u0259nin dekan\u0131 professor M\u00fcbariz Yusifov t\u0259dbir i\u015ftirak\u00e7\u0131lar\u0131n\u0131 qar\u015f\u0131dan g\u0259l\u0259n bayram m\u00fcnasib\u0259ti il\u0259 t\u0259brik etmi\u015f v\u0259 bir daha bu bayram\u0131n xalq\u0131m\u0131z\u0131n tarixind\u0259 x\u00fcsusi rol oynad\u0131\u011f\u0131n\u0131 vur\u011fulaqm\u0131\u015fd\u0131r.<\/p>\n","protected":false},"excerpt":{"rendered":"<p>[metaslider id=3009]26 dekabr 2018 ci il tarixd\u0259 filologiya fak\u00fclt\u0259sind\u0259 d\u00fcnya az\u0259rbaycanl\u0131lar\u0131n\u0131n h\u0259mr\u0259ylik g\u00fcn\u00fc m\u00fcnasib\u0259tiyl\u0259 t\u0259dbir ke\u00e7irilmi\u015fdir. T\u0259dbird\u0259 \u00e7\u0131x\u0131\u015f ed\u0259n humanitar m\u0259s\u0259l\u0259l\u0259r \u00fczr\u0259 dekan m\u00fcavini\u00a0 Nadir Kub\u0131\u015fev bildirib ki, 31 dekabr tarixi ayr\u0131-ayr\u0131 \u00f6lk\u0259l\u0259rd\u0259 ya\u015fayan az\u0259rbaycanl\u0131lar aras\u0131nda birlik v\u0259 h\u0259mr\u0259ylik yaratmaq prosesind\u0259 m\u00fch\u00fcm rol oynay\u0131r. Onun s\u00f6zl\u0259rin\u0259 g\u00f6r\u0259, \u00f6lk\u0259d\u0259 b\u00fct\u00fcn sah\u0259l\u0259rd\u0259 oldu\u011fu kimi, diaspor quruculu\u011funda m\u00fch\u00fcm<\/p>\n<p><a href=\"http:\/\/filologiya.gdu.edu.az\/?p=3002\" class=\"more-link themebutton\">Daha \u0259trafl\u0131<\/a><\/p>\n","protected":false},"author":5,"featured_media":0,"comment_status":"open","ping_status":"open","sticky":false,"template":"","format":"standard","meta":{"footnotes":""},"categories":[3],"tags":[],"class_list":["post-3002","post","type-post","status-publish","format-standard","hentry","category-xbrlr"],"_links":{"self":[{"href":"http:\/\/filologiya.gdu.edu.az\/index.php?rest_route=\/wp\/v2\/posts\/3002","targetHints":{"allow":["GET"]}}],"collection":[{"href":"http:\/\/filologiya.gdu.edu.az\/index.php?rest_route=\/wp\/v2\/posts"}],"about":[{"href":"http:\/\/filologiya.gdu.edu.az\/index.php?rest_route=\/wp\/v2\/types\/post"}],"author":[{"embeddable":true,"href":"http:\/\/filologiya.gdu.edu.az\/index.php?rest_route=\/wp\/v2\/users\/5"}],"replies":[{"embeddable":true,"href":"http:\/\/filologiya.gdu.edu.az\/index.php?rest_route=%2Fwp%2Fv2%2Fcomments&post=3002"}],"version-history":[{"count":4,"href":"http:\/\/filologiya.gdu.edu.az\/index.php?rest_route=\/wp\/v2\/posts\/3002\/revisions"}],"predecessor-version":[{"id":3017,"href":"http:\/\/filologiya.gdu.edu.az\/index.php?rest_route=\/wp\/v2\/posts\/3002\/revisions\/3017"}],"wp:attachment":[{"href":"http:\/\/filologiya.gdu.edu.az\/index.php?rest_route=%2Fwp%2Fv2%2Fmedia&parent=3002"}],"wp:term":[{"taxonomy":"category","embeddable":true,"href":"http:\/\/filologiya.gdu.edu.az\/index.php?rest_route=%2Fwp%2Fv2%2Fcategories&post=3002"},{"taxonomy":"post_tag","embeddable":true,"href":"http:\/\/filologiya.gdu.edu.az\/index.php?rest_route=%2Fwp%2Fv2%2Ftags&post=3002"}],"curies":[{"name":"wp","href":"https:\/\/api.w.org\/{rel}","templated":true}]}}