{"id":2820,"date":"2018-11-16T10:48:04","date_gmt":"2018-11-16T08:48:04","guid":{"rendered":"http:\/\/filologiya.gdu.edu.az\/?p=2820"},"modified":"2018-11-16T11:08:42","modified_gmt":"2018-11-16T09:08:42","slug":"milli-dirc%c9%99lis-v%c9%99-beyn%c9%99lxalq-t%c9%99l%c9%99b%c9%99-gunun%c9%99-h%c9%99sr-edilmis-t%c9%99dbir-kecirilmisdir","status":"publish","type":"post","link":"http:\/\/filologiya.gdu.edu.az\/?p=2820","title":{"rendered":"Milli Dir\u00e7\u0259li\u015f v\u0259 Beyn\u0259lxalq T\u0259l\u0259b\u0259 g\u00fcn\u00fcn\u0259 h\u0259sr edilmi\u015f t\u0259dbir ke\u00e7irilmi\u015fdir"},"content":{"rendered":"<p>[metaslider id=2831]16.11.2018-ci il tarixd\u0259 Filologiya fak\u00fclt\u0259sind\u0259 Milli Dir\u00e7\u0259li\u015f v\u0259 Beyn\u0259lxalq T\u0259l\u0259b\u0259 g\u00fcn\u00fcn\u0259 h\u0259sr olunmu\u015f t\u0259dbir ke\u00e7irilmi\u015fdir. T\u0259dbird\u0259 fak\u00fclt\u0259nin dekan\u0131 prof. M\u00fcbariz Yusifov, humanitar m\u0259s\u0259l\u0259l\u0259r \u00fczr\u0259 dekan m\u00fcavini\u00a0 Nadir Kub\u0131\u015fev, Az\u0259rbaycan dili kafedras\u0131n\u0131n ba\u015f m\u00fc\u0259llimi, filologiya \u00fczr\u0259 f\u0259ls\u0259f\u0259 doktoru Ayt\u0259n \u018fhm\u0259dova , Az\u0259rbaycan tarixi kafedras\u0131n\u0131n ba\u015f m\u00fc\u0259llimi V\u00fcqar Abbasov\u00a0 v\u0259 t\u0259l\u0259b\u0259l\u0259r i\u015ftirak etmi\u015fl\u0259r. T\u0259dbiri giri\u015f s\u00f6z\u00fc il\u0259\u00a0 a\u00e7an Nadir Kub\u0131\u015fev Milli Dir\u00e7\u0259li\u015f G\u00fcn\u00fcn\u00fcn tarixi haqq\u0131nda m\u0259lumat verdi. Az\u0259tbaycan tarixi kafedras\u0131n\u0131n ba\u015f m\u00fc\u0259llimi\u00a0 V\u00fcqar Abbasov &#8220;Milli dir\u00e7\u0259li\u015fimiz \u015fanl\u0131 tariximizdir&#8221;, Az\u0259rbaycan dili kafedras\u0131n\u0131n ba\u015f m\u00fc\u0259llimi,filologiya \u00fczr\u0259 f\u0259ls\u0259f\u0259 doktoru Ayt\u0259n \u018fhm\u0259dova &#8220;Milli d\u00f6vl\u0259t\u00e7iliy\u0259 aparan \u0259z\u0259m\u0259tli yol&#8221;\u00a0 m\u00f6vzusu il\u0259\u00a0 \u00e7\u0131x\u0131\u015f etmi\u015fl\u0259r. Sonda\u00a0 I kurs t\u0259l\u0259b\u0259l\u0259rind\u0259n Ayt\u0259n M\u0259mm\u0259dova , Turan\u0259 S\u0259f\u0259rova\u00a0 v\u0259 Elvira Novruzovan\u0131n t\u0259l\u0259b\u0259 h\u0259yat\u0131 il\u0259 \u0259laq\u0259dar \u00e7\u0131x\u0131\u015flar\u0131 v\u0259 \u015feirl\u0259ri dinl\u0259nilib.<\/p>\n","protected":false},"excerpt":{"rendered":"<p>[metaslider id=2831]16.11.2018-ci il tarixd\u0259 Filologiya fak\u00fclt\u0259sind\u0259 Milli Dir\u00e7\u0259li\u015f v\u0259 Beyn\u0259lxalq T\u0259l\u0259b\u0259 g\u00fcn\u00fcn\u0259 h\u0259sr olunmu\u015f t\u0259dbir ke\u00e7irilmi\u015fdir. T\u0259dbird\u0259 fak\u00fclt\u0259nin dekan\u0131 prof. M\u00fcbariz Yusifov, humanitar m\u0259s\u0259l\u0259l\u0259r \u00fczr\u0259 dekan m\u00fcavini\u00a0 Nadir Kub\u0131\u015fev, Az\u0259rbaycan dili kafedras\u0131n\u0131n ba\u015f m\u00fc\u0259llimi, filologiya \u00fczr\u0259 f\u0259ls\u0259f\u0259 doktoru Ayt\u0259n \u018fhm\u0259dova , Az\u0259rbaycan tarixi kafedras\u0131n\u0131n ba\u015f m\u00fc\u0259llimi V\u00fcqar Abbasov\u00a0 v\u0259 t\u0259l\u0259b\u0259l\u0259r i\u015ftirak etmi\u015fl\u0259r. T\u0259dbiri giri\u015f s\u00f6z\u00fc<\/p>\n<p><a href=\"http:\/\/filologiya.gdu.edu.az\/?p=2820\" class=\"more-link themebutton\">Daha \u0259trafl\u0131<\/a><\/p>\n","protected":false},"author":5,"featured_media":0,"comment_status":"open","ping_status":"open","sticky":false,"template":"","format":"standard","meta":{"footnotes":""},"categories":[3],"tags":[],"class_list":["post-2820","post","type-post","status-publish","format-standard","hentry","category-xbrlr"],"_links":{"self":[{"href":"http:\/\/filologiya.gdu.edu.az\/index.php?rest_route=\/wp\/v2\/posts\/2820","targetHints":{"allow":["GET"]}}],"collection":[{"href":"http:\/\/filologiya.gdu.edu.az\/index.php?rest_route=\/wp\/v2\/posts"}],"about":[{"href":"http:\/\/filologiya.gdu.edu.az\/index.php?rest_route=\/wp\/v2\/types\/post"}],"author":[{"embeddable":true,"href":"http:\/\/filologiya.gdu.edu.az\/index.php?rest_route=\/wp\/v2\/users\/5"}],"replies":[{"embeddable":true,"href":"http:\/\/filologiya.gdu.edu.az\/index.php?rest_route=%2Fwp%2Fv2%2Fcomments&post=2820"}],"version-history":[{"count":3,"href":"http:\/\/filologiya.gdu.edu.az\/index.php?rest_route=\/wp\/v2\/posts\/2820\/revisions"}],"predecessor-version":[{"id":2842,"href":"http:\/\/filologiya.gdu.edu.az\/index.php?rest_route=\/wp\/v2\/posts\/2820\/revisions\/2842"}],"wp:attachment":[{"href":"http:\/\/filologiya.gdu.edu.az\/index.php?rest_route=%2Fwp%2Fv2%2Fmedia&parent=2820"}],"wp:term":[{"taxonomy":"category","embeddable":true,"href":"http:\/\/filologiya.gdu.edu.az\/index.php?rest_route=%2Fwp%2Fv2%2Fcategories&post=2820"},{"taxonomy":"post_tag","embeddable":true,"href":"http:\/\/filologiya.gdu.edu.az\/index.php?rest_route=%2Fwp%2Fv2%2Ftags&post=2820"}],"curies":[{"name":"wp","href":"https:\/\/api.w.org\/{rel}","templated":true}]}}