{"id":1882,"date":"2018-04-09T09:44:40","date_gmt":"2018-04-09T07:44:40","guid":{"rendered":"http:\/\/filologiya.gdu.edu.az\/?p=1882"},"modified":"2018-04-09T09:49:49","modified_gmt":"2018-04-09T07:49:49","slug":"az%c9%99rbaycan-v%c9%99-dunya-%c9%99d%c9%99biyyati-kafedrasinin-%c9%99m%c9%99kdaslari-elmi-konfransda","status":"publish","type":"post","link":"http:\/\/filologiya.gdu.edu.az\/?p=1882","title":{"rendered":"Az\u0259rbaycan v\u0259 d\u00fcnya \u0259d\u0259biyyat\u0131 kafedras\u0131n\u0131n \u0259m\u0259kda\u015flar\u0131 elmi konfransda"},"content":{"rendered":"<p>[metaslider id=1832]06.04.2018-ci ild\u0259 Az\u0259rbaycan Universitetind\u0259\u00a0 Az\u0259rbaycan Xalq C\u00fcmhuriyy\u0259tinin 100 illiyin\u0259 h\u0259sr olunmu\u015f \u201cC\u00fcmhuriyy\u0259t ideologiyas\u0131 kontekstind\u0259 filologiya elmi\u201d\u00a0 m\u00f6vzusunda Respublika elmi konfrans\u0131 ke\u00e7irilmi\u015fdir. Konfrans\u0131 giri\u015f s\u00f6z\u00fc il\u0259 Az\u0259rbaycan Universitetinin rektoru S\u0259ad\u0259t \u018fliyeva a\u00e7m\u0131\u015f, prof. B.\u018fhm\u0259dov, prof.F.Veys\u0259lli, prof.V.Sultanl\u0131 plenar m\u0259ruz\u0259l\u0259rl\u0259 \u00e7\u0131x\u0131\u015f etmi\u015fl\u0259r.<\/p>\n<p>G\u0259nc\u0259 D\u00f6vl\u0259t Universitetinin\u00a0 Az\u0259rbaycan v\u0259 d\u00fcnya \u0259d\u0259biyyat\u0131 kafedras\u0131n\u0131n \u0259m\u0259kda\u015flar\u0131 dos. Afaq Yusifli v\u0259 ba\u015f m\u00fc\u0259llim Yegan\u0259 H\u00fcseynova b\u00f6lm\u0259 iclaslar\u0131nda m\u0259ruz\u0259 il\u0259 \u00e7\u0131x\u0131\u015f etmi\u015f v\u0259 m\u00fczakir\u0259l\u0259rd\u0259 f\u0259al i\u015ftirak etmi\u015fl\u0259r.<\/p>\n","protected":false},"excerpt":{"rendered":"<p>[metaslider id=1832]06.04.2018-ci ild\u0259 Az\u0259rbaycan Universitetind\u0259\u00a0 Az\u0259rbaycan Xalq C\u00fcmhuriyy\u0259tinin 100 illiyin\u0259 h\u0259sr olunmu\u015f \u201cC\u00fcmhuriyy\u0259t ideologiyas\u0131 kontekstind\u0259 filologiya elmi\u201d\u00a0 m\u00f6vzusunda Respublika elmi konfrans\u0131 ke\u00e7irilmi\u015fdir. Konfrans\u0131 giri\u015f s\u00f6z\u00fc il\u0259 Az\u0259rbaycan Universitetinin rektoru S\u0259ad\u0259t \u018fliyeva a\u00e7m\u0131\u015f, prof. B.\u018fhm\u0259dov, prof.F.Veys\u0259lli, prof.V.Sultanl\u0131 plenar m\u0259ruz\u0259l\u0259rl\u0259 \u00e7\u0131x\u0131\u015f etmi\u015fl\u0259r. G\u0259nc\u0259 D\u00f6vl\u0259t Universitetinin\u00a0 Az\u0259rbaycan v\u0259 d\u00fcnya \u0259d\u0259biyyat\u0131 kafedras\u0131n\u0131n \u0259m\u0259kda\u015flar\u0131 dos. Afaq Yusifli v\u0259 ba\u015f m\u00fc\u0259llim<\/p>\n<p><a href=\"http:\/\/filologiya.gdu.edu.az\/?p=1882\" class=\"more-link themebutton\">Daha \u0259trafl\u0131<\/a><\/p>\n","protected":false},"author":5,"featured_media":0,"comment_status":"open","ping_status":"open","sticky":false,"template":"","format":"standard","meta":{"footnotes":""},"categories":[3],"tags":[],"class_list":["post-1882","post","type-post","status-publish","format-standard","hentry","category-xbrlr"],"_links":{"self":[{"href":"http:\/\/filologiya.gdu.edu.az\/index.php?rest_route=\/wp\/v2\/posts\/1882","targetHints":{"allow":["GET"]}}],"collection":[{"href":"http:\/\/filologiya.gdu.edu.az\/index.php?rest_route=\/wp\/v2\/posts"}],"about":[{"href":"http:\/\/filologiya.gdu.edu.az\/index.php?rest_route=\/wp\/v2\/types\/post"}],"author":[{"embeddable":true,"href":"http:\/\/filologiya.gdu.edu.az\/index.php?rest_route=\/wp\/v2\/users\/5"}],"replies":[{"embeddable":true,"href":"http:\/\/filologiya.gdu.edu.az\/index.php?rest_route=%2Fwp%2Fv2%2Fcomments&post=1882"}],"version-history":[{"count":2,"href":"http:\/\/filologiya.gdu.edu.az\/index.php?rest_route=\/wp\/v2\/posts\/1882\/revisions"}],"predecessor-version":[{"id":1894,"href":"http:\/\/filologiya.gdu.edu.az\/index.php?rest_route=\/wp\/v2\/posts\/1882\/revisions\/1894"}],"wp:attachment":[{"href":"http:\/\/filologiya.gdu.edu.az\/index.php?rest_route=%2Fwp%2Fv2%2Fmedia&parent=1882"}],"wp:term":[{"taxonomy":"category","embeddable":true,"href":"http:\/\/filologiya.gdu.edu.az\/index.php?rest_route=%2Fwp%2Fv2%2Fcategories&post=1882"},{"taxonomy":"post_tag","embeddable":true,"href":"http:\/\/filologiya.gdu.edu.az\/index.php?rest_route=%2Fwp%2Fv2%2Ftags&post=1882"}],"curies":[{"name":"wp","href":"https:\/\/api.w.org\/{rel}","templated":true}]}}