{"id":1878,"date":"2018-04-02T12:06:50","date_gmt":"2018-04-02T10:06:50","guid":{"rendered":"http:\/\/filologiya.gdu.edu.az\/?p=1878"},"modified":"2018-04-03T12:08:39","modified_gmt":"2018-04-03T10:08:39","slug":"az%c9%99rbaycan-v%c9%99-dunya-%c9%99d%c9%99biyyati-kafedrasinin-%c9%99m%c9%99kdaslari-beyn%c9%99lxalq-konfransda","status":"publish","type":"post","link":"http:\/\/filologiya.gdu.edu.az\/?p=1878","title":{"rendered":"Az\u0259rbaycan v\u0259 d\u00fcnya \u0259d\u0259biyyat\u0131 kafedras\u0131n\u0131n \u0259m\u0259kda\u015flar\u0131  Beyn\u0259lxalq Konfransda"},"content":{"rendered":"<h4 style=\"text-align: left;\">[metaslider id=1831]G\u0259nc\u0259 D\u00f6vl\u0259t\u00a0 Universitetinin Az\u0259rbaycan v\u0259\u00a0 d\u00fcnya \u0259d\u0259biyyat\u0131 kafedras\u0131n\u0131n \u0259m\u0259kda\u015flar\u0131 1 aprel 2018-ci il tarixd\u0259\u00a0 II Beyn\u0259lxalq Bak\u0131 Konfras\u0131nda u\u011furla i\u015ftirak etmi\u015fl\u0259r. Kafedra m\u00fcdiri \u0259v\u0259zi dos.Afaq Yusifli, f.f.dok. S\u0259ba Namazova, ba\u015f m\u00fc\u0259lliml\u0259r Yegan\u0259 H\u00fcseynova, Ayg\u00fcn \u018fhm\u0259dova v\u0259 Ayt\u0259n Mu\u015fkiyeva konfransda m\u0259ruz\u0259 il\u0259 \u00e7\u0131x\u0131\u015f etmi\u015f , m\u00fczakir\u0259l\u0259rd\u0259 i\u015ftirak etmi\u015fl\u0259r. M\u0259ruz\u0259\u00e7il\u0259r setifikatla t\u0259ltif olunmu\u015f v\u0259 m\u0259qal\u0259l\u0259rinin tam m\u0259tni konfrans\u0131n m\u0259qal\u0259l\u0259r kitab\u0131nda n\u0259\u015fr edilmi\u015fdir.<\/h4>\n","protected":false},"excerpt":{"rendered":"<p>[metaslider id=1831]G\u0259nc\u0259 D\u00f6vl\u0259t\u00a0 Universitetinin Az\u0259rbaycan v\u0259\u00a0 d\u00fcnya \u0259d\u0259biyyat\u0131 kafedras\u0131n\u0131n \u0259m\u0259kda\u015flar\u0131 1 aprel 2018-ci il tarixd\u0259\u00a0 II Beyn\u0259lxalq Bak\u0131 Konfras\u0131nda u\u011furla i\u015ftirak etmi\u015fl\u0259r. Kafedra m\u00fcdiri \u0259v\u0259zi dos.Afaq Yusifli, f.f.dok. S\u0259ba Namazova, ba\u015f m\u00fc\u0259lliml\u0259r Yegan\u0259 H\u00fcseynova, Ayg\u00fcn \u018fhm\u0259dova v\u0259 Ayt\u0259n Mu\u015fkiyeva konfransda m\u0259ruz\u0259 il\u0259 \u00e7\u0131x\u0131\u015f etmi\u015f , m\u00fczakir\u0259l\u0259rd\u0259 i\u015ftirak etmi\u015fl\u0259r. M\u0259ruz\u0259\u00e7il\u0259r setifikatla t\u0259ltif olunmu\u015f v\u0259 m\u0259qal\u0259l\u0259rinin tam<\/p>\n<p><a href=\"http:\/\/filologiya.gdu.edu.az\/?p=1878\" class=\"more-link themebutton\">Daha \u0259trafl\u0131<\/a><\/p>\n","protected":false},"author":5,"featured_media":0,"comment_status":"open","ping_status":"open","sticky":false,"template":"","format":"standard","meta":{"footnotes":""},"categories":[3],"tags":[],"class_list":["post-1878","post","type-post","status-publish","format-standard","hentry","category-xbrlr"],"_links":{"self":[{"href":"http:\/\/filologiya.gdu.edu.az\/index.php?rest_route=\/wp\/v2\/posts\/1878","targetHints":{"allow":["GET"]}}],"collection":[{"href":"http:\/\/filologiya.gdu.edu.az\/index.php?rest_route=\/wp\/v2\/posts"}],"about":[{"href":"http:\/\/filologiya.gdu.edu.az\/index.php?rest_route=\/wp\/v2\/types\/post"}],"author":[{"embeddable":true,"href":"http:\/\/filologiya.gdu.edu.az\/index.php?rest_route=\/wp\/v2\/users\/5"}],"replies":[{"embeddable":true,"href":"http:\/\/filologiya.gdu.edu.az\/index.php?rest_route=%2Fwp%2Fv2%2Fcomments&post=1878"}],"version-history":[{"count":1,"href":"http:\/\/filologiya.gdu.edu.az\/index.php?rest_route=\/wp\/v2\/posts\/1878\/revisions"}],"predecessor-version":[{"id":1879,"href":"http:\/\/filologiya.gdu.edu.az\/index.php?rest_route=\/wp\/v2\/posts\/1878\/revisions\/1879"}],"wp:attachment":[{"href":"http:\/\/filologiya.gdu.edu.az\/index.php?rest_route=%2Fwp%2Fv2%2Fmedia&parent=1878"}],"wp:term":[{"taxonomy":"category","embeddable":true,"href":"http:\/\/filologiya.gdu.edu.az\/index.php?rest_route=%2Fwp%2Fv2%2Fcategories&post=1878"},{"taxonomy":"post_tag","embeddable":true,"href":"http:\/\/filologiya.gdu.edu.az\/index.php?rest_route=%2Fwp%2Fv2%2Ftags&post=1878"}],"curies":[{"name":"wp","href":"https:\/\/api.w.org\/{rel}","templated":true}]}}