{"id":1768,"date":"2018-02-22T21:37:07","date_gmt":"2018-02-22T19:37:07","guid":{"rendered":"http:\/\/filologiya.gdu.edu.az\/?p=1768"},"modified":"2018-02-22T23:22:55","modified_gmt":"2018-02-22T21:22:55","slug":"xocali-qan-yaddasimiz","status":"publish","type":"post","link":"http:\/\/filologiya.gdu.edu.az\/?p=1768","title":{"rendered":"Xocal\u0131 &#8211; qan yadda\u015f\u0131m\u0131z"},"content":{"rendered":"<p>[metaslider id=1776]Filologiya fak\u00fclt\u0259sind\u0259 Xocal\u0131 faci\u0259sinin 26-c\u0131 ild\u00f6n\u00fcm\u00fc il\u0259 \u0259laq\u0259dar t\u0259dbir ke\u00e7irilib. T\u0259dbird\u0259 fak\u00fclt\u0259nin professor-m\u00fc\u0259llim hey\u0259ti v\u0259 t\u0259l\u0259b\u0259l\u0259ri i\u015ftirak edib.<\/p>\n<p>T\u0259dbir faci\u0259d\u0259 h\u0259lak olanlar\u0131n xatir\u0259sinin 1 d\u0259qiq\u0259lik s\u00fckutla yad edilm\u0259si il\u0259 ba\u015flay\u0131b.<\/p>\n<p>Giri\u015f s\u00f6z\u00fcn\u00fc fak\u00fclt\u0259nin dekan\u0131 professor M\u00fcbariz Yusifov s\u00f6yl\u0259yib. Xocal\u0131 soyq\u0131r\u0131m\u0131n\u0131n Az\u0259rbaycan tarixind\u0259ki d\u0259rin izinin silinm\u0259y\u0259c\u0259yi v\u0259 h\u0259r zaman xat\u0131rlanaca\u011f\u0131 vur\u011fulan\u0131b v\u0259 1992-ci il fevral ay\u0131n\u0131n 26-da Xocal\u0131da erm\u0259ni h\u0259rb\u00e7il\u0259ri t\u0259r\u0259find\u0259n x\u00fcsusi q\u0259ddarl\u0131qla t\u00f6r\u0259dilmi\u015f soyq\u0131r\u0131m\u0131 haqq\u0131nda geni\u015f m\u0259lumat verib. Soyq\u0131r\u0131m\u0131 zaman\u0131 613 n\u0259f\u0259rin amans\u0131zl\u0131qla q\u0259tl\u0259 yetirildiyi, 1000 n\u0259f\u0259rd\u0259n \u00e7ox dinc sakinin g\u00fcll\u0259 yaralar\u0131ndan \u0259lil oldu\u011fu, 8 ail\u0259nin is\u0259 tamamil\u0259 m\u0259hv edildiyi bildirilib. Azya\u015fl\u0131 u\u015faqlara v\u0259 qad\u0131nlara qar\u015f\u0131 edilmi\u015f v\u0259h\u015filikl\u0259r x\u00fcsusi qeyd olunb v\u0259 vur\u011fulan\u0131b ki, bu cinay\u0259ti t\u00f6r\u0259d\u0259nl\u0259rin c\u0259zas\u0131z qalmamas\u0131 \u00fc\u00e7\u00fcn Erm\u0259nistan\u0131n h\u0259rbi-siyasi t\u0259cav\u00fcz\u00fc d\u00fcnya ictimaiyy\u0259tin\u0259 b\u00fct\u00fcn reall\u0131qlar\u0131 il\u0259 davaml\u0131 \u015f\u0259kild\u0259 \u00e7atd\u0131r\u0131lmal\u0131d\u0131r.<\/p>\n<p>Sonra Praktik xarici dill\u0259r kafedras\u0131n\u0131n ba\u015f m\u00fc\u0259llimi Cahan A\u011famirov Xocal\u0131 soyq\u0131r\u0131m\u0131 haqq\u0131nda dan\u0131\u015f\u0131b. Bildirib ki, Xocal\u0131 soyq\u0131r\u0131m\u0131 200 ild\u0259n art\u0131q m\u00fcdd\u0259td\u0259 erm\u0259ni mill\u0259t\u00e7il\u0259ri t\u0259r\u0259find\u0259n xalq\u0131m\u0131za qar\u015f\u0131 apar\u0131lan etnik t\u0259mizl\u0259m\u0259 v\u0259 soyq\u0131r\u0131m\u0131 siyas\u0259tinin qanl\u0131 s\u0259hif\u0259sidir. \u00dcmummilli liderimiz Heyd\u0259r \u018fliyev hakimiyy\u0259t ba\u015f\u0131na g\u0259ldikd\u0259n sonra Az\u0259rbaycan h\u00f6kum\u0259ti v\u0259 parlamenti Xocal\u0131 soyq\u0131r\u0131m\u0131, b\u00fct\u00f6vl\u00fckd\u0259 erm\u0259ni mill\u0259t\u00e7il\u0259rinin az\u0259rbaycanl\u0131lara qar\u015f\u0131 t\u00f6r\u0259tdiyi cinay\u0259tl\u0259r haqq\u0131nda h\u0259qiq\u0259tl\u0259ri d\u00fcnya d\u00f6vl\u0259tl\u0259rin\u0259, parlamentl\u0259rin\u0259 v\u0259 beyn\u0259lxalq t\u0259\u015fkilatlara \u00e7atd\u0131rm\u0131\u015flar.\u00a0 M\u00fc\u0259llim h\u0259m\u00e7inin deyib ki, bu g\u00fcn eyni siyas\u0259t Prezident \u0130lham \u018fliyev, Heyd\u0259r \u018fliyev Fondu, Fondun Rusiya n\u00fcmay\u0259nd\u0259liyi t\u0259r\u0259find\u0259n h\u0259yata ke\u00e7irilir.<\/p>\n<p>Daha sonra Az\u0259rbaycan dili kafedras\u0131n\u0131n ba\u015f m\u00fc\u0259llimi Ayt\u0259n \u018fhm\u0259dova Xocal\u0131 soyq\u0131r\u0131m\u0131 haqq\u0131nda \u00f6z fikirl\u0259rini b\u00f6l\u00fc\u015f\u00fcb, Xocal\u0131 h\u0259qiq\u0259tl\u0259rinin t\u0259bli\u011f edilm\u0259sind\u0259 g\u0259ncl\u0259rin bundan sonra da aktiv f\u0259aliyy\u0259tl\u0259rinin vacibliyini vur\u011fulay\u0131blar.<\/p>\n<p>T\u0259dbir Az\u0259rbaycan tarixin\u0259 v\u0259 Xocal\u0131 faci\u0259sin\u0259 h\u0259sr olunmu\u015f q\u0131sa s\u0259n\u0259dli filmin n\u00fcmayi\u015fi il\u0259 ba\u015fa \u00e7at\u0131b.<\/p>\n","protected":false},"excerpt":{"rendered":"<p>[metaslider id=1776]Filologiya fak\u00fclt\u0259sind\u0259 Xocal\u0131 faci\u0259sinin 26-c\u0131 ild\u00f6n\u00fcm\u00fc il\u0259 \u0259laq\u0259dar t\u0259dbir ke\u00e7irilib. T\u0259dbird\u0259 fak\u00fclt\u0259nin professor-m\u00fc\u0259llim hey\u0259ti v\u0259 t\u0259l\u0259b\u0259l\u0259ri i\u015ftirak edib. T\u0259dbir faci\u0259d\u0259 h\u0259lak olanlar\u0131n xatir\u0259sinin 1 d\u0259qiq\u0259lik s\u00fckutla yad edilm\u0259si il\u0259 ba\u015flay\u0131b. Giri\u015f s\u00f6z\u00fcn\u00fc fak\u00fclt\u0259nin dekan\u0131 professor M\u00fcbariz Yusifov s\u00f6yl\u0259yib. Xocal\u0131 soyq\u0131r\u0131m\u0131n\u0131n Az\u0259rbaycan tarixind\u0259ki d\u0259rin izinin silinm\u0259y\u0259c\u0259yi v\u0259 h\u0259r zaman xat\u0131rlanaca\u011f\u0131 vur\u011fulan\u0131b v\u0259 1992-ci il fevral<\/p>\n<p><a href=\"http:\/\/filologiya.gdu.edu.az\/?p=1768\" class=\"more-link themebutton\">Daha \u0259trafl\u0131<\/a><\/p>\n","protected":false},"author":5,"featured_media":0,"comment_status":"open","ping_status":"open","sticky":false,"template":"","format":"standard","meta":{"footnotes":""},"categories":[33,3],"tags":[],"class_list":["post-1768","post","type-post","status-publish","format-standard","hentry","category-tdbirlr","category-xbrlr"],"_links":{"self":[{"href":"http:\/\/filologiya.gdu.edu.az\/index.php?rest_route=\/wp\/v2\/posts\/1768","targetHints":{"allow":["GET"]}}],"collection":[{"href":"http:\/\/filologiya.gdu.edu.az\/index.php?rest_route=\/wp\/v2\/posts"}],"about":[{"href":"http:\/\/filologiya.gdu.edu.az\/index.php?rest_route=\/wp\/v2\/types\/post"}],"author":[{"embeddable":true,"href":"http:\/\/filologiya.gdu.edu.az\/index.php?rest_route=\/wp\/v2\/users\/5"}],"replies":[{"embeddable":true,"href":"http:\/\/filologiya.gdu.edu.az\/index.php?rest_route=%2Fwp%2Fv2%2Fcomments&post=1768"}],"version-history":[{"count":2,"href":"http:\/\/filologiya.gdu.edu.az\/index.php?rest_route=\/wp\/v2\/posts\/1768\/revisions"}],"predecessor-version":[{"id":1787,"href":"http:\/\/filologiya.gdu.edu.az\/index.php?rest_route=\/wp\/v2\/posts\/1768\/revisions\/1787"}],"wp:attachment":[{"href":"http:\/\/filologiya.gdu.edu.az\/index.php?rest_route=%2Fwp%2Fv2%2Fmedia&parent=1768"}],"wp:term":[{"taxonomy":"category","embeddable":true,"href":"http:\/\/filologiya.gdu.edu.az\/index.php?rest_route=%2Fwp%2Fv2%2Fcategories&post=1768"},{"taxonomy":"post_tag","embeddable":true,"href":"http:\/\/filologiya.gdu.edu.az\/index.php?rest_route=%2Fwp%2Fv2%2Ftags&post=1768"}],"curies":[{"name":"wp","href":"https:\/\/api.w.org\/{rel}","templated":true}]}}