{"id":1619,"date":"2017-12-12T13:50:47","date_gmt":"2017-12-12T11:50:47","guid":{"rendered":"http:\/\/filologiya.gdu.edu.az\/?p=1619"},"modified":"2017-12-12T14:22:56","modified_gmt":"2017-12-12T12:22:56","slug":"umummilli-lider-heyd%c9%99r-%c9%99liyevin-anim-gunun%c9%99-h%c9%99sr-olunmus-bilik-yarisi","status":"publish","type":"post","link":"http:\/\/filologiya.gdu.edu.az\/?p=1619","title":{"rendered":"\u00dcmummilli\u00a0 lider Heyd\u0259r\u00a0 \u018fliyevin an\u0131m g\u00fcn\u00fcn\u0259 h\u0259sr olunmu\u015f  Bilik yar\u0131\u015f\u0131"},"content":{"rendered":"<p>[metaslider id=1631]08.12.2017-ci il tarixind\u0259 \u00a0Filologiya fak\u00fclt\u0259sind\u0259 \u00dcmummilli lider Heyd\u0259r\u00a0 \u018fliyevin an\u0131m g\u00fcn\u00fcn\u0259 h\u0259sr olunmu\u015f Bilik yar\u0131\u015f\u0131 ke\u00e7irildi. Bilik yar\u0131\u015f\u0131 ilk olaraq ulu \u00f6nd\u0259rimiz Heyd\u0259r \u018fliyevin an\u0131m g\u00fcn\u00fc il\u0259 ba\u011fl\u0131 video \u00e7arx\u0131n n\u00fcmayi\u015fi il\u0259 ba\u015flad\u0131. Yar\u0131\u015fda fak\u00fclt\u0259nin \u201cZ\u0259ka\u201d,\u201dZiya\u201d, \u201cZirv\u0259\u201d, \u201cD\u0259rya\u201d komandalar\u0131 i\u015ftirak edirdi. Yar\u0131\u015f\u0131n m\u00fcnsifl\u0259r hey\u0259ti prof. M\u00fcbariz Yusifov, prof.Telman Quliyev, dos. Afaq Yusifli, ba\u015f m\u00fc\u0259llim Nadir Kubi\u015fev idi. Bilik yar\u0131\u015f\u0131n\u0131n t\u0259\u015fkilat\u00e7\u0131lar\u0131ndan biri v\u0259 apar\u0131c\u0131s\u0131\u00a0 Az\u0259rbaycan dili kafedras\u0131n\u0131n ba\u015f m\u00fc\u0259llimi Ayt\u0259n \u018fhm\u0259dova i\u015ftirak\u00e7\u0131lara 3 istiqam\u0259td\u0259 &#8211; Az\u0259rbaycan dili, \u0259d\u0259biyyat v\u0259 d\u00fcnyag\u00f6r\u00fc\u015f\u00fc il\u0259 ba\u011fl\u0131 suallarla m\u00fcraci\u0259t etdi. Suallara d\u00fczg\u00fcn cavab ver\u0259n komanda qalib elan olundu v\u0259 yar\u0131\u015f\u0131n sonunda qalib\u00a0 komandan\u0131 Filologiya fak\u00fclt\u0259sinin dekan\u0131 prof. M\u00fcbariz Yusifov T\u0259\u015f\u0259kk\u00fcrnam\u0259\u00a0t\u0259qdim etdi.<\/p>\n<p>&nbsp;<\/p>\n","protected":false},"excerpt":{"rendered":"<p>[metaslider id=1631]08.12.2017-ci il tarixind\u0259 \u00a0Filologiya fak\u00fclt\u0259sind\u0259 \u00dcmummilli lider Heyd\u0259r\u00a0 \u018fliyevin an\u0131m g\u00fcn\u00fcn\u0259 h\u0259sr olunmu\u015f Bilik yar\u0131\u015f\u0131 ke\u00e7irildi. Bilik yar\u0131\u015f\u0131 ilk olaraq ulu \u00f6nd\u0259rimiz Heyd\u0259r \u018fliyevin an\u0131m g\u00fcn\u00fc il\u0259 ba\u011fl\u0131 video \u00e7arx\u0131n n\u00fcmayi\u015fi il\u0259 ba\u015flad\u0131. Yar\u0131\u015fda fak\u00fclt\u0259nin \u201cZ\u0259ka\u201d,\u201dZiya\u201d, \u201cZirv\u0259\u201d, \u201cD\u0259rya\u201d komandalar\u0131 i\u015ftirak edirdi. Yar\u0131\u015f\u0131n m\u00fcnsifl\u0259r hey\u0259ti prof. M\u00fcbariz Yusifov, prof.Telman Quliyev, dos. Afaq Yusifli, ba\u015f m\u00fc\u0259llim<\/p>\n<p><a href=\"http:\/\/filologiya.gdu.edu.az\/?p=1619\" class=\"more-link themebutton\">Daha \u0259trafl\u0131<\/a><\/p>\n","protected":false},"author":5,"featured_media":0,"comment_status":"open","ping_status":"open","sticky":false,"template":"","format":"standard","meta":{"footnotes":""},"categories":[3],"tags":[],"class_list":["post-1619","post","type-post","status-publish","format-standard","hentry","category-xbrlr"],"_links":{"self":[{"href":"http:\/\/filologiya.gdu.edu.az\/index.php?rest_route=\/wp\/v2\/posts\/1619","targetHints":{"allow":["GET"]}}],"collection":[{"href":"http:\/\/filologiya.gdu.edu.az\/index.php?rest_route=\/wp\/v2\/posts"}],"about":[{"href":"http:\/\/filologiya.gdu.edu.az\/index.php?rest_route=\/wp\/v2\/types\/post"}],"author":[{"embeddable":true,"href":"http:\/\/filologiya.gdu.edu.az\/index.php?rest_route=\/wp\/v2\/users\/5"}],"replies":[{"embeddable":true,"href":"http:\/\/filologiya.gdu.edu.az\/index.php?rest_route=%2Fwp%2Fv2%2Fcomments&post=1619"}],"version-history":[{"count":3,"href":"http:\/\/filologiya.gdu.edu.az\/index.php?rest_route=\/wp\/v2\/posts\/1619\/revisions"}],"predecessor-version":[{"id":1633,"href":"http:\/\/filologiya.gdu.edu.az\/index.php?rest_route=\/wp\/v2\/posts\/1619\/revisions\/1633"}],"wp:attachment":[{"href":"http:\/\/filologiya.gdu.edu.az\/index.php?rest_route=%2Fwp%2Fv2%2Fmedia&parent=1619"}],"wp:term":[{"taxonomy":"category","embeddable":true,"href":"http:\/\/filologiya.gdu.edu.az\/index.php?rest_route=%2Fwp%2Fv2%2Fcategories&post=1619"},{"taxonomy":"post_tag","embeddable":true,"href":"http:\/\/filologiya.gdu.edu.az\/index.php?rest_route=%2Fwp%2Fv2%2Ftags&post=1619"}],"curies":[{"name":"wp","href":"https:\/\/api.w.org\/{rel}","templated":true}]}}