{"id":1347,"date":"2017-10-24T21:22:39","date_gmt":"2017-10-24T19:22:39","guid":{"rendered":"http:\/\/filologiya.gdu.edu.az\/?p=1347"},"modified":"2017-12-10T10:09:33","modified_gmt":"2017-12-10T08:09:33","slug":"molla-p%c9%99nah-vaqif-s%c9%99l%c9%99fl%c9%99r-v%c9%99-x%c9%99l%c9%99fl%c9%99r-erk%c9%99n-yeni-dovr-%c9%99lyazmalari-v%c9%99-az%c9%99rbaycan-m%c9%99d%c9%99niyy%c9%99tinin-tarixi-probleml%c9%99ri","status":"publish","type":"post","link":"http:\/\/filologiya.gdu.edu.az\/?p=1347","title":{"rendered":"MOLLA P\u018fNAH VAQ\u0130F: S\u018fL\u018fFL\u018fR V\u018f X\u018fL\u018fFL\u018fR-ERK\u018fN YEN\u0130 D\u00d6VR \u018fLYAZMALARI V\u018f AZ\u018fRBAYCAN M\u018fD\u018fN\u0130YY\u018fT\u0130N\u0130N TAR\u0130X\u0130 PROBLEML\u018fR\u0130"},"content":{"rendered":"<div style=\"text-align: justify;\"><strong><span style=\"color: #945e3a;\">[metaslider id=1350]\u018fLYAZMALAR \u0130NST\u0130TUTUNDA M.P.VAQ\u0130F\u0130N ANADAN OLMASININ 300 \u0130LL\u0130Y\u0130N\u018f H\u018fSR ED\u0130LM\u0130\u015e ELM\u0130-N\u018fZ\u018fR\u0130 KONFRANS KE\u00c7\u0130R\u0130L\u0130B.<\/span><\/strong><\/div>\n<div style=\"text-align: justify;\">\n<p>Konfrans\u0131 giri\u015f s\u00f6z\u00fc il\u0259 AMEA-n\u0131n M\u0259h\u0259mm\u0259d F\u00fczuli ad\u0131na \u018flyazmalar \u0130nstitutunun elmi i\u015fl\u0259r direktor m\u00fcavini, fil.\u00fc.e.d. Ayb\u0259niz \u018fliyeva-K\u0259ng\u0259rli\u00a0 M.P.Vaqifin milli poeziyam\u0131z\u0131n v\u0259 milli dilimizin inki\u015faf\u0131ndak\u0131 \u0259v\u0259zsiz xidm\u0259tl\u0259rind\u0259n dan\u0131\u015f\u0131b. O, realist poeziyan\u0131n\u00a0 v\u0259 \u00fcmumiyy\u0259tl\u0259,\u00a0 Az\u0259rbaycan \u0259d\u0259biyyat\u0131n\u0131n yeni m\u0259rh\u0259l\u0259sinin Vaqifl\u0259 ba\u015fland\u0131\u011f\u0131n\u0131 bildirib.<br \/>\nAMEA-n\u0131n M\u0259h\u0259mm\u0259d F\u00fczuli ad\u0131na \u018flyazmalar \u0130nstitutunun elmi i\u015fl\u0259r direktor m\u00fcavini, fil.\u00fc.e.d. Pa\u015fa K\u0259rimov M.P.Vaqifin 300 illik yubileyinin qeyd edilm\u0259si haqq\u0131nda Az\u0259rbaycan Respublikas\u0131 Prezidentinin s\u0259r\u0259ncam\u0131ndan dan\u0131\u015faraq bu \u0259l\u0259m\u0259tdar hadis\u0259nin \u00f6lk\u0259nin \u0259ks\u0259r t\u0259hsil v\u0259 elmi m\u00fc\u0259ssis\u0259l\u0259rind\u0259 qeyd olundu\u011funu t\u0259dbir i\u015ftirak\u00e7\u0131lar\u0131n\u0131n diqq\u0259tin\u0259 \u00e7atd\u0131r\u0131b: \u201cVaqif poeziyam\u0131z\u0131 \u00fcmumxalq dan\u0131\u015f\u0131q dilin\u0259 qovu\u015fduran, onu xalq yarad\u0131c\u0131l\u0131\u011f\u0131 n\u00fcmun\u0259l\u0259ri il\u0259 z\u0259nginl\u0259\u015fdir\u0259n s\u0259n\u0259tkard\u0131r. M\u00fcr\u0259kk\u0259b, ziddiyy\u0259tli v\u0259 ke\u015fm\u0259ke\u015fli d\u00f6vrd\u0259 ya\u015famas\u0131na baxmayaraq, xalq\u0131n \u015fairi olmaq \u015f\u0259r\u0259fini \u00f6mr\u00fcn\u00fcn sonunad\u0259k l\u0259yaq\u0259tl\u0259 qoruyub saxlam\u0131\u015fd\u0131r\u201d.<br \/>\nPlenar iclasda M.F\u00fczuli ad\u0131na \u018flyazmalar \u0130nstitutunun elmi i\u015fl\u0259r \u00fczr\u0259 direktor m\u00fcavini, fil.\u00fc.e.d. Pa\u015fa K\u0259rimov \u201cXVII-XIX \u0259srl\u0259r Az\u0259rbaycan poeziyas\u0131nda qocal\u0131q m\u00f6vzusu\u201d, institutun \u015f\u00f6b\u0259 m\u00fcdiri, fil.\u00fc.e.d., professor Azad\u0259 Musab\u0259yli \u201cVaqifin iki t\u00fcrkiy\u0259li s\u0259l\u0259finin Baki \u0259lyazmalar\u0131\u201d, G\u0259nc\u0259 D\u00f6vl\u0259t Universitetinin dosenti, fil.\u00fc.f.d. Afaq Yusifli \u201cK\u00f6n\u00fcld\u0259n k\u00f6n\u00fcl\u0259 yollar g\u00f6r\u00fcn\u00fcr\u201d, Folklor \u0130nstitutunun b\u00f6y\u00fck elmi i\u015f\u00e7isi Sahil\u0259 S\u0259dnik q\u0131z\u0131 \u201cMolla P\u0259nah Vaqif yarad\u0131c\u0131l\u0131\u011f\u0131na a\u015f\u0131q \u0259d\u0259biyyat\u0131n\u0131n t\u0259siri\u201d<strong>\u00a0G\u0259nc\u0259 D\u00f6vl\u0259t Universiteti Filologiya fak\u00fclt\u0259sinin Az\u0259rbaycan v\u0259 d\u00fcnya \u0259d\u0259biyyat\u0131 kafedras\u0131n\u0131n m\u00fcdiri, filologiya \u00fczr\u0259 f\u0259ls\u0259f\u0259 doktoru, Dos. Afaq Yusifli &#8211; K\u00f6n\u00fcld\u0259n k\u00f6n\u00fcl\u0259 yollar g\u00f6r\u00fcn\u00fcr,\u00a0<\/strong><strong>kafedran\u0131n ba\u015f m\u00fc\u0259llimi Ayg\u00fcn \u018fhm\u0259dova- inc\u0259 hissl\u0259r, d\u0259rin v\u0259 nikbin duy\u011fular \u015fairi,\u00a0<\/strong><strong>fak\u00fclt\u0259nin Az\u0259rbaycan dili v\u0259 \u0259d\u0259biyyat\u0131 m\u00fc\u0259llimliyi ixtisas\u0131n\u0131n IV kurs t\u0259l\u0259b\u0259si <a href=\"https:\/\/yadi.sk\/i\/KeIluQX_3QUQ4R\">\u0130lkin Abbasov &#8211; Molla P\u0259nah Vaqifin dili <\/a>m\u00f6vzular\u0131nda \u00e7\u0131x\u0131\u015f etdil\u0259r.<\/strong><\/p>\n<\/div>\n<p style=\"text-align: justify;\">Konfrans\u0131n sonunda qonaqlar \u018flyazmalar \u0130nstitutunun s\u0259rgi salonunda t\u0259\u015fkil olunmu\u015f \u201cVaqif -100\u201d m\u00f6vzusunda s\u0259rgiy\u0259 bax\u0131\u015f ke\u00e7iribl\u0259r.<\/p>\n","protected":false},"excerpt":{"rendered":"<p>[metaslider id=1350]\u018fLYAZMALAR \u0130NST\u0130TUTUNDA M.P.VAQ\u0130F\u0130N ANADAN OLMASININ 300 \u0130LL\u0130Y\u0130N\u018f H\u018fSR ED\u0130LM\u0130\u015e ELM\u0130-N\u018fZ\u018fR\u0130 KONFRANS KE\u00c7\u0130R\u0130L\u0130B. Konfrans\u0131 giri\u015f s\u00f6z\u00fc il\u0259 AMEA-n\u0131n M\u0259h\u0259mm\u0259d F\u00fczuli ad\u0131na \u018flyazmalar \u0130nstitutunun elmi i\u015fl\u0259r direktor m\u00fcavini, fil.\u00fc.e.d. Ayb\u0259niz \u018fliyeva-K\u0259ng\u0259rli\u00a0 M.P.Vaqifin milli poeziyam\u0131z\u0131n v\u0259 milli dilimizin inki\u015faf\u0131ndak\u0131 \u0259v\u0259zsiz xidm\u0259tl\u0259rind\u0259n dan\u0131\u015f\u0131b. O, realist poeziyan\u0131n\u00a0 v\u0259 \u00fcmumiyy\u0259tl\u0259,\u00a0 Az\u0259rbaycan \u0259d\u0259biyyat\u0131n\u0131n yeni m\u0259rh\u0259l\u0259sinin Vaqifl\u0259 ba\u015fland\u0131\u011f\u0131n\u0131 bildirib. AMEA-n\u0131n M\u0259h\u0259mm\u0259d F\u00fczuli<\/p>\n<p><a href=\"http:\/\/filologiya.gdu.edu.az\/?p=1347\" class=\"more-link themebutton\">Daha \u0259trafl\u0131<\/a><\/p>\n","protected":false},"author":5,"featured_media":0,"comment_status":"open","ping_status":"open","sticky":false,"template":"","format":"standard","meta":{"footnotes":""},"categories":[3],"tags":[],"class_list":["post-1347","post","type-post","status-publish","format-standard","hentry","category-xbrlr"],"_links":{"self":[{"href":"http:\/\/filologiya.gdu.edu.az\/index.php?rest_route=\/wp\/v2\/posts\/1347","targetHints":{"allow":["GET"]}}],"collection":[{"href":"http:\/\/filologiya.gdu.edu.az\/index.php?rest_route=\/wp\/v2\/posts"}],"about":[{"href":"http:\/\/filologiya.gdu.edu.az\/index.php?rest_route=\/wp\/v2\/types\/post"}],"author":[{"embeddable":true,"href":"http:\/\/filologiya.gdu.edu.az\/index.php?rest_route=\/wp\/v2\/users\/5"}],"replies":[{"embeddable":true,"href":"http:\/\/filologiya.gdu.edu.az\/index.php?rest_route=%2Fwp%2Fv2%2Fcomments&post=1347"}],"version-history":[{"count":8,"href":"http:\/\/filologiya.gdu.edu.az\/index.php?rest_route=\/wp\/v2\/posts\/1347\/revisions"}],"predecessor-version":[{"id":1614,"href":"http:\/\/filologiya.gdu.edu.az\/index.php?rest_route=\/wp\/v2\/posts\/1347\/revisions\/1614"}],"wp:attachment":[{"href":"http:\/\/filologiya.gdu.edu.az\/index.php?rest_route=%2Fwp%2Fv2%2Fmedia&parent=1347"}],"wp:term":[{"taxonomy":"category","embeddable":true,"href":"http:\/\/filologiya.gdu.edu.az\/index.php?rest_route=%2Fwp%2Fv2%2Fcategories&post=1347"},{"taxonomy":"post_tag","embeddable":true,"href":"http:\/\/filologiya.gdu.edu.az\/index.php?rest_route=%2Fwp%2Fv2%2Ftags&post=1347"}],"curies":[{"name":"wp","href":"https:\/\/api.w.org\/{rel}","templated":true}]}}