{"id":1147,"date":"2017-05-06T17:09:51","date_gmt":"2017-05-06T15:09:51","guid":{"rendered":"http:\/\/filologiya.gdu.edu.az\/?p=1147"},"modified":"2017-12-10T10:36:42","modified_gmt":"2017-12-10T08:36:42","slug":"1147","status":"publish","type":"post","link":"http:\/\/filologiya.gdu.edu.az\/?p=1147","title":{"rendered":"\u201cG\u0259nc T\u0259dqiqat\u00e7\u0131lar\u0131n I Beyn\u0259lxalq Elmi Konfrans\u0131\u201d"},"content":{"rendered":"<p style=\"text-align: justify;\">[metaslider id=1139]Bak\u0131 M\u00fch\u0259ndislik Universitetind\u0259 \u00fcmummilli lider Heyd\u0259r \u018fliyevin anadan olmas\u0131n\u0131n 94-c\u00fc il d\u00f6n\u00fcm\u00fcn\u0259 h\u0259sr olunmu\u015f\u00a0\u201cG\u0259nc T\u0259dqiqat\u00e7\u0131lar\u0131n I Beyn\u0259lxalq Elmi Konfrans\u0131\u201d \u00f6z i\u015fin\u0259\u00a0ba\u015flay\u0131b.<\/p>\n<p style=\"text-align: justify;\">\u201cG\u0259nc T\u0259dqiqat\u00e7\u0131lar\u0131n I Beyn\u0259lxalq Elmi Konfrans\u0131\u201d-n\u0131n\u00a0m\u0259qs\u0259di d\u00fcnyan\u0131n m\u00fcxt\u0259lif universitet, akademiya v\u0259 elmi-t\u0259dqiqat institutlar\u0131nda f\u0259aliyy\u0259t g\u00f6st\u0259r\u0259n g\u0259nc t\u0259dqiqat\u00e7\u0131lar\u0131 bir araya g\u0259tirm\u0259k, bu sah\u0259d\u0259 \u0259ld\u0259 olunan elmi n\u0259ailiyy\u0259tl\u0259ri v\u0259 t\u0259cr\u00fcb\u0259l\u0259ri dig\u0259rl\u0259ri il\u0259 payla\u015fmaq, qar\u015f\u0131la\u015fd\u0131qlar\u0131 probleml\u0259ri t\u0259hlil etm\u0259k, ortaq probleml\u0259rin m\u00fczakir\u0259 olunmas\u0131 v\u0259 onlar\u0131n h\u0259ll yollar\u0131 \u00fc\u00e7\u00fcn t\u0259klifl\u0259rin ir\u0259li s\u00fcr\u00fclm\u0259sini t\u0259min etm\u0259k v\u0259 g\u0259ncl\u0259rin elm\u0259 olan mara\u011f\u0131n\u0131 art\u0131rmaq, eyni zamanda \u00f6lk\u0259mizi xarici g\u0259nc aliml\u0259r\u0259 tan\u0131tmaqd\u0131r.<\/p>\n<p style=\"text-align: justify;\">Konfrans\u0131n a\u00e7\u0131l\u0131\u015f m\u0259rasimind\u0259 \u00e7\u0131x\u0131\u015f ed\u0259n Bak\u0131 M\u00fch\u0259ndislik Universitetinin rektoru professor Havar M\u0259mm\u0259dov\u00a0 I Beyn\u0259lxalq Elmi Konfrans\u0131n \u00dcmummilli Lider Heyd\u0259r \u018fliyev\u0259 h\u0259sr olundu\u011funu qeyd etdi. Rektor bildirdi ki , \u00dcmummilli Lider h\u0259l\u0259 sovet d\u00f6vr\u00fcnd\u0259 Az\u0259rbaycana r\u0259hb\u0259rlik etdiyi vaxt \u00f6lk\u0259nin iqtisadiyyat\u0131 il\u0259 yana\u015f\u0131 elm v\u0259 t\u0259hsilin inki\u015faf\u0131na \u00f6z t\u00f6hv\u0259sini verib. Bel\u0259 ki, h\u0259min d\u00f6vrd\u0259 Az\u0259rbaycanda 5 Ali t\u0259hsil m\u00fc\u0259ssis\u0259si v\u0259 \u00e7ox sayda elmi-t\u0259dqiqat institutlar\u0131 a\u00e7\u0131l\u0131b.<\/p>\n<p style=\"text-align: justify;\">M\u00fcst\u0259qillik d\u00f6vr\u00fcnd\u0259 d\u0259 Az\u0259rbaycan elmi v\u0259 t\u0259hsili \u00dcmummilli Lider Heyd\u0259r \u018fliyevd\u0259n v\u0259 onun layiqli davam\u00e7\u0131s\u0131 M\u00f6ht\u0259r\u0259m Prezidentimiz \u0130lham \u018fliyevd\u0259n diqq\u0259t v\u0259 qay\u011f\u0131 g\u00f6r\u00fcr. G\u0259nc aliml\u0259r d\u0259 bu qay\u011f\u0131dan yararlanmaqla \u00f6lk\u0259mizd\u0259 elmin inki\u015faf\u0131na \u00f6z xidm\u0259tini g\u00f6st\u0259rm\u0259lidir. Konfranslar\u0131n ke\u00e7irilm\u0259si universitetd\u0259 elmi m\u00fchitin inki\u015faf\u0131 il\u0259 yana\u015f\u0131 universitetl\u0259r aras\u0131 \u0259laq\u0259nin inki\u015faf\u0131n\u0131 da t\u0259min edir. AB\u015e, Kanada, T\u00fcrkiy\u0259, Rusiya, Ukrayna, Almaniya, \u015eotlandiya kimi 20 \u00f6lk\u0259d\u0259n konfransa 700 m\u0259ruz\u0259 q\u0259bul olundu\u011funu vur\u011fulayan rektor konfrans\u0131n i\u015fin\u0259 u\u011furlar arzulay\u0131b.<\/p>\n<p style=\"text-align: justify;\">T.e.d. Eldar \u015eahbazov, Moskva D\u00f6vl\u0259t Universtitetinin aspirant\u0131 Alyona Val\u0131n\u00e7eva, BMU-nun m\u00fc\u0259llimi Asif M\u0259mm\u0259dov v\u0259\u00a0Milli Aviasiya Akademiyas\u0131n\u0131n t\u0259l\u0259b\u0259si Murad A\u011fayev konfrans\u0131n plenar iclas\u0131nda m\u0259ruz\u0259 il\u0259 \u00e7\u0131x\u0131\u015f edibl\u0259r.<\/p>\n<p style=\"text-align: justify;\">Konfrans\u00a0M\u00fch\u0259ndislik elml\u0259ri, T\u0259bi\u0259t elml\u0259ri, \u0130qtisadiyyat elml\u0259ri, Filologiya elml\u0259ri, Pedaqogika, Tarix v\u0259 H\u00fcquq elmi istiqam\u0259tl\u0259ri\u00a0\u00fczr\u0259 i\u015fini davam etdirib.<\/p>\n<div class=\"entry-content\">\n<p style=\"text-align: justify;\">Konfrans\u0131n a\u00e7\u0131l\u0131\u015f g\u00fcn\u00fc plenar iclasda elm sah\u0259sind\u0259 UNESKO m\u00fckafat\u00e7\u0131lar\u0131, t.e.d., prof. Eldar \u015eahbazov, t.e.d. ,prof. El\u00e7in Kaz\u0131mov ilk olaraq c\u0131x\u0131\u015f etdil\u0259r. Sonra\u00a0 is\u0259\u00a0 konfransda dig\u0259r i\u015ftirak\u00e7\u0131lar,o c\u00fcml\u0259d\u0259n Moskva D\u00f6vl\u0259t Universitetind\u0259n Alena Volnseva \u00f6z fikirl\u0259rini konfrans i\u015ftitak\u00e7\u0131lar\u0131 il\u0259 b\u00f6l\u00fc\u015fd\u00fc.<\/p>\n<p style=\"text-align: justify;\">Konfrans \u00f6z i\u015fini b\u00f6lm\u0259 iclaslar\u0131nda davam etdirdi. Sevindirici haldir ki,\u00a0<strong>G\u0259nc\u0259 D\u00f6vl\u0259t Universitetinin t\u0259l\u0259b\u0259l\u0259ri<\/strong> d\u0259 bu konfransda f\u0259al i\u015ftirak etmi\u015fl\u0259r. Filologiya elml\u0259ri doktoru, professor <strong>M\u00fcbariz Yusifovun<\/strong> v\u0259 Az\u0259rbaycan dilinin t\u0259drisi kafedras\u0131n\u0131n \u00a0m\u00fc\u0259llimi <strong>Sevinc Q\u0259mb\u0259rovan\u0131n\u00a0v\u0259 Ayt\u0259n \u018fhmdovan\u0131n<\/strong>\u00a0elmi r\u0259hb\u0259rliyi il\u0259 t\u0259l\u0259b\u0259l\u0259rimiz m\u00fcxt\u0259lif m\u00f6vzularda m\u0259qal\u0259l\u0259r i\u015fl\u0259mi\u015fl\u0259r v\u0259 m\u0259qal\u0259l\u0259r t\u0259\u015fkilat\u00e7\u0131lar t\u0259r\u0259find\u0259n \u00a0q\u0259bul olunmu\u015fdur.\u00a0\u00a0T\u0259l\u0259b\u0259l\u0259rimiz \u00e7\u0131x\u0131\u015flar\u0131na g\u00f6r\u0259<strong> sertifikatla<\/strong> m\u00fckafatland\u0131r\u0131lm\u0131\u015flar.<\/p>\n<p style=\"text-align: justify;\"><strong><a href=\"https:\/\/yadi.sk\/i\/x7Zmbovl3QURp8\">\u0130lkin Abbasov &#8220;\u0130mad\u0259ddin N\u0259siminin &#8220;Divan&#8221;\u0131nda qrammatik arxaizml\u0259r&#8221;<\/a> \u00a0v\u0259 \u00a0 &#8220;Nizami G\u0259nc\u0259vinin \u0259s\u0259rl\u0259rind\u0259 Az\u0259rbaycan s\u00f6zl\u0259ri&#8221;\u00a0m\u00f6vzular\u0131nda, \u00a0 \u00a0<\/strong><strong>Bayramova G\u00fcnel is\u0259 &#8220;Q\u0259rib Mehdinin &#8221; \u00d6lm\u0259&#8221; essesinin dili&#8221;, Ay\u015f\u0259n A\u011fayeva \u201cK\u00fctl\u0259vi informasiya vasit\u0259l\u0259rind\u0259 \u0259d\u0259bi dil normalar\u0131nin pozulmas\u0131\u201d, Z\u00fcmr\u00fcd M\u0259h\u0259rr\u0259mova \u201cAtalar s\u00f6zl\u0259rind\u0259 frazeologizml\u0259r\u201d, T\u00fcrkan Qurbanova \u201cC.M\u0259mm\u0259dquluzad\u0259nin Danaba\u015f k\u0259ndinin \u0259hvalatlar\u0131 \u0259s\u0259rind\u0259 vulqarizml\u0259r\u201dm\u00f6vzusunda \u00e7\u0131x\u0131\u015f etmi\u015fl\u0259r.<\/strong><\/p>\n<\/div>\n","protected":false},"excerpt":{"rendered":"<p>[metaslider id=1139]Bak\u0131 M\u00fch\u0259ndislik Universitetind\u0259 \u00fcmummilli lider Heyd\u0259r \u018fliyevin anadan olmas\u0131n\u0131n 94-c\u00fc il d\u00f6n\u00fcm\u00fcn\u0259 h\u0259sr olunmu\u015f\u00a0\u201cG\u0259nc T\u0259dqiqat\u00e7\u0131lar\u0131n I Beyn\u0259lxalq Elmi Konfrans\u0131\u201d \u00f6z i\u015fin\u0259\u00a0ba\u015flay\u0131b. \u201cG\u0259nc T\u0259dqiqat\u00e7\u0131lar\u0131n I Beyn\u0259lxalq Elmi Konfrans\u0131\u201d-n\u0131n\u00a0m\u0259qs\u0259di d\u00fcnyan\u0131n m\u00fcxt\u0259lif universitet, akademiya v\u0259 elmi-t\u0259dqiqat institutlar\u0131nda f\u0259aliyy\u0259t g\u00f6st\u0259r\u0259n g\u0259nc t\u0259dqiqat\u00e7\u0131lar\u0131 bir araya g\u0259tirm\u0259k, bu sah\u0259d\u0259 \u0259ld\u0259 olunan elmi n\u0259ailiyy\u0259tl\u0259ri v\u0259 t\u0259cr\u00fcb\u0259l\u0259ri dig\u0259rl\u0259ri il\u0259 payla\u015fmaq, qar\u015f\u0131la\u015fd\u0131qlar\u0131 probleml\u0259ri<\/p>\n<p><a href=\"http:\/\/filologiya.gdu.edu.az\/?p=1147\" class=\"more-link themebutton\">Daha \u0259trafl\u0131<\/a><\/p>\n","protected":false},"author":5,"featured_media":0,"comment_status":"open","ping_status":"open","sticky":false,"template":"","format":"standard","meta":{"footnotes":""},"categories":[3],"tags":[],"class_list":["post-1147","post","type-post","status-publish","format-standard","hentry","category-xbrlr"],"_links":{"self":[{"href":"http:\/\/filologiya.gdu.edu.az\/index.php?rest_route=\/wp\/v2\/posts\/1147","targetHints":{"allow":["GET"]}}],"collection":[{"href":"http:\/\/filologiya.gdu.edu.az\/index.php?rest_route=\/wp\/v2\/posts"}],"about":[{"href":"http:\/\/filologiya.gdu.edu.az\/index.php?rest_route=\/wp\/v2\/types\/post"}],"author":[{"embeddable":true,"href":"http:\/\/filologiya.gdu.edu.az\/index.php?rest_route=\/wp\/v2\/users\/5"}],"replies":[{"embeddable":true,"href":"http:\/\/filologiya.gdu.edu.az\/index.php?rest_route=%2Fwp%2Fv2%2Fcomments&post=1147"}],"version-history":[{"count":14,"href":"http:\/\/filologiya.gdu.edu.az\/index.php?rest_route=\/wp\/v2\/posts\/1147\/revisions"}],"predecessor-version":[{"id":1615,"href":"http:\/\/filologiya.gdu.edu.az\/index.php?rest_route=\/wp\/v2\/posts\/1147\/revisions\/1615"}],"wp:attachment":[{"href":"http:\/\/filologiya.gdu.edu.az\/index.php?rest_route=%2Fwp%2Fv2%2Fmedia&parent=1147"}],"wp:term":[{"taxonomy":"category","embeddable":true,"href":"http:\/\/filologiya.gdu.edu.az\/index.php?rest_route=%2Fwp%2Fv2%2Fcategories&post=1147"},{"taxonomy":"post_tag","embeddable":true,"href":"http:\/\/filologiya.gdu.edu.az\/index.php?rest_route=%2Fwp%2Fv2%2Ftags&post=1147"}],"curies":[{"name":"wp","href":"https:\/\/api.w.org\/{rel}","templated":true}]}}