{"id":1137,"date":"2017-05-05T14:07:37","date_gmt":"2017-05-05T12:07:37","guid":{"rendered":"http:\/\/filologiya.gdu.edu.az\/?p=1137"},"modified":"2017-05-11T19:01:38","modified_gmt":"2017-05-11T17:01:38","slug":"umummilli-lider-heyd%c9%99r-%c9%99liyevin-anadan-olmasinin-94-cu-ildonumun%c9%99-h%c9%99sr-olunmus-az%c9%99rbaycansunasligin-aktual-probleml%c9%99ri-viii-beyn%c9%99lxalq-elmi-konfran","status":"publish","type":"post","link":"http:\/\/filologiya.gdu.edu.az\/?p=1137","title":{"rendered":"\u201cAz\u0259rbaycan\u015f\u00fcnasl\u0131\u011f\u0131n aktual probleml\u0259ri\u201d VIII Beyn\u0259lxalq elmi konfrans\u0131"},"content":{"rendered":"<p>[metaslider id=1140]4-5 may 2017-ci il tarixd\u0259 \u00dcmummilli Lider Heyd\u0259r \u018fliyevin anadan olmas\u0131n\u0131n 94-c\u00fc ild\u00f6n\u00fcm\u00fcn\u0259 h\u0259sr olunmu\u015f \u201cAz\u0259rbaycan\u015f\u00fcnasl\u0131\u011f\u0131n aktual probleml\u0259ri\u201d VIII Beyn\u0259lxalq elmi konfrans\u0131 ke\u00e7irilmi\u015fdir. Konfrans\u0131n ayr\u0131 ayr\u0131 b\u00f6lm\u0259l\u0259rind\u0259 Az\u0259rbaycan\u015f\u00fcnasl\u0131\u011f\u0131n aktual probleml\u0259rin\u0259 dair, el\u0259c\u0259 d\u0259 m\u00fcxt\u0259lif elmi istiqam\u0259tl\u0259r \u00fczr\u0259 olduqca maraql\u0131, i\u015fg\u00fczar \u015f\u0259kild\u0259 m\u00fczakir\u0259l\u0259r apar\u0131lm\u0131\u015fd\u0131r.<\/p>\n<p>G\u0259nc\u0259 D\u00f6vl\u0259t Universitetinin Az\u0259rbaycan v\u0259 d\u00fcnya \u0259d\u0259biyyat\u0131 kafedras\u0131n\u0131n ba\u015f m\u00fc\u0259llimi, filologiya \u00fczr\u0259 f\u0259ls\u0259f\u0259 doktoru S\u0259ba Azad q\u0131z\u0131 Namazova, ba\u015f m\u00fc\u0259llim Yegan\u0259 Sabir q\u0131z\u0131 H\u00fcseynova v\u0259 \u201cAz\u0259rbaycan \u0259d\u0259biyyat\u0131\u201d ixtisas\u0131 \u00fczr\u0259 dissertant G\u00fclnar S\u0259ft\u0259r q\u0131z\u0131 H\u00fcseynova bu m\u00f6t\u0259b\u0259r Elmi Konfransda u\u011furla \u00e7\u0131x\u0131\u015f etmi\u015fl\u0259r<\/p>\n","protected":false},"excerpt":{"rendered":"<p>[metaslider id=1140]4-5 may 2017-ci il tarixd\u0259 \u00dcmummilli Lider Heyd\u0259r \u018fliyevin anadan olmas\u0131n\u0131n 94-c\u00fc ild\u00f6n\u00fcm\u00fcn\u0259 h\u0259sr olunmu\u015f \u201cAz\u0259rbaycan\u015f\u00fcnasl\u0131\u011f\u0131n aktual probleml\u0259ri\u201d VIII Beyn\u0259lxalq elmi konfrans\u0131 ke\u00e7irilmi\u015fdir. Konfrans\u0131n ayr\u0131 ayr\u0131 b\u00f6lm\u0259l\u0259rind\u0259 Az\u0259rbaycan\u015f\u00fcnasl\u0131\u011f\u0131n aktual probleml\u0259rin\u0259 dair, el\u0259c\u0259 d\u0259 m\u00fcxt\u0259lif elmi istiqam\u0259tl\u0259r \u00fczr\u0259 olduqca maraql\u0131, i\u015fg\u00fczar \u015f\u0259kild\u0259 m\u00fczakir\u0259l\u0259r apar\u0131lm\u0131\u015fd\u0131r. G\u0259nc\u0259 D\u00f6vl\u0259t Universitetinin Az\u0259rbaycan v\u0259 d\u00fcnya \u0259d\u0259biyyat\u0131 kafedras\u0131n\u0131n ba\u015f m\u00fc\u0259llimi, filologiya<\/p>\n<p><a href=\"http:\/\/filologiya.gdu.edu.az\/?p=1137\" class=\"more-link themebutton\">Daha \u0259trafl\u0131<\/a><\/p>\n","protected":false},"author":5,"featured_media":0,"comment_status":"open","ping_status":"open","sticky":false,"template":"","format":"standard","meta":{"footnotes":""},"categories":[3],"tags":[],"class_list":["post-1137","post","type-post","status-publish","format-standard","hentry","category-xbrlr"],"_links":{"self":[{"href":"http:\/\/filologiya.gdu.edu.az\/index.php?rest_route=\/wp\/v2\/posts\/1137","targetHints":{"allow":["GET"]}}],"collection":[{"href":"http:\/\/filologiya.gdu.edu.az\/index.php?rest_route=\/wp\/v2\/posts"}],"about":[{"href":"http:\/\/filologiya.gdu.edu.az\/index.php?rest_route=\/wp\/v2\/types\/post"}],"author":[{"embeddable":true,"href":"http:\/\/filologiya.gdu.edu.az\/index.php?rest_route=\/wp\/v2\/users\/5"}],"replies":[{"embeddable":true,"href":"http:\/\/filologiya.gdu.edu.az\/index.php?rest_route=%2Fwp%2Fv2%2Fcomments&post=1137"}],"version-history":[{"count":3,"href":"http:\/\/filologiya.gdu.edu.az\/index.php?rest_route=\/wp\/v2\/posts\/1137\/revisions"}],"predecessor-version":[{"id":1163,"href":"http:\/\/filologiya.gdu.edu.az\/index.php?rest_route=\/wp\/v2\/posts\/1137\/revisions\/1163"}],"wp:attachment":[{"href":"http:\/\/filologiya.gdu.edu.az\/index.php?rest_route=%2Fwp%2Fv2%2Fmedia&parent=1137"}],"wp:term":[{"taxonomy":"category","embeddable":true,"href":"http:\/\/filologiya.gdu.edu.az\/index.php?rest_route=%2Fwp%2Fv2%2Fcategories&post=1137"},{"taxonomy":"post_tag","embeddable":true,"href":"http:\/\/filologiya.gdu.edu.az\/index.php?rest_route=%2Fwp%2Fv2%2Ftags&post=1137"}],"curies":[{"name":"wp","href":"https:\/\/api.w.org\/{rel}","templated":true}]}}